{"id":459890,"date":"2025-10-13T12:59:14","date_gmt":"2025-10-13T12:59:14","guid":{"rendered":"https:\/\/www.europesays.com\/fr\/459890\/"},"modified":"2025-10-13T12:59:14","modified_gmt":"2025-10-13T12:59:14","slug":"nicolas-sarkozy-a-quitte-le-tribunal-apres-sa-convocation-en-vue-de-son-incarceration-la-date-de-celle-ci-na-pas-ete-rendue-publique","status":"publish","type":"post","link":"https:\/\/www.europesays.com\/fr\/459890\/","title":{"rendered":"Nicolas Sarkozy a quitt\u00e9 le tribunal apr\u00e8s sa convocation en vue de son incarc\u00e9ration\u00a0; la date de celle-ci n\u2019a pas \u00e9t\u00e9 rendue publique"},"content":{"rendered":"<p>                          <img loading=\"lazy\" decoding=\"async\" src=\"https:\/\/www.europesays.com\/fr\/wp-content\/uploads\/2025\/10\/ba9b701_ftp-import-images-1-nkev6gu5f0x0-5155492-01-06.jpg\" alt=\"Nicolas Sarkozy, dans son bureau parisien, le 13\u00a0octobre 2025.\"   width=\"664\" height=\"443\"\/>    Nicolas Sarkozy, dans son bureau parisien, le 13\u00a0octobre 2025.  JULIEN DE ROSA\/AFP                        <\/p>\n<p class=\"article__paragraph  \">Nicolas Sarkozy a quitt\u00e9, lundi 13\u00a0octobre, le tribunal judiciaire de Paris, o\u00f9 le Parquet national financier (PNF) lui a notifi\u00e9 la date et le lieu de son incarc\u00e9ration dans le dossier libyen, qui n\u2019\u00e9taient pas connus dans l\u2019imm\u00e9diat, ont constat\u00e9 des journalistes de l\u2019Agence France-Presse (AFP). L\u2019ex-pr\u00e9sident, arriv\u00e9 vers 13\u00a0h\u00a045, est reparti \u00e0 14\u00a0h\u00a025 sans faire de d\u00e9claration.<\/p>\n<p>                                          Lire aussi |  Article r\u00e9serv\u00e9 \u00e0 nos abonn\u00e9s  <a href=\"https:\/\/www.lemonde.fr\/idees\/article\/2025\/10\/12\/lettre-d-un-ancien-detenu-a-nicolas-sarkozy-dans-votre-republique-il-n-y-avait-pas-d-impunite-pour-celui-qui-viole-la-loi_6645953_3232.html\" class=\"js-article-read-also catcher--favoris__link\" data-premium=\"1\" id=\"article-title-3441489\" rel=\"nofollow noopener\" target=\"_blank\">Lettre d\u2019un ancien d\u00e9tenu\u00a0\u00e0 Nicolas Sarkozy\u00a0: \u00ab\u00a0Dans votre R\u00e9publique, il n\u2019y avait \u201cpas d\u2019impunit\u00e9 pour celui qui viole la loi\u201d\u00a0\u00bb<\/a>    <\/p>\n<p>   Lire plus tard  <\/p>\n<p class=\"article__paragraph  \">Le 25 septembre, l\u2019ancien chef de l\u2019Etat, \u00e2g\u00e9 de 70 ans, a \u00e9t\u00e9 condamn\u00e9 cinq ans de prison ferme avec ex\u00e9cution provisoire dans le proc\u00e8s libyen, pour avoir laiss\u00e9 ses plus proches collaborateurs d\u00e9marcher la Libye de Mouammar Kadhafi en vue d\u2019un financement ill\u00e9gal de sa campagne pr\u00e9sidentielle victorieuse de 2007.<\/p>\n<p class=\"article__paragraph  \">Bien qu\u2019ayant fait appel du jugement, Nicolas Sarkozy va \u00eatre incarc\u00e9r\u00e9 en raison du mandat de d\u00e9p\u00f4t \u00e0 effet diff\u00e9r\u00e9 avec ex\u00e9cution provisoire prononc\u00e9 \u00e0 son encontre. Une mesure que le tribunal a justifi\u00e9e par l\u2019\u00ab\u00a0exceptionnelle gravit\u00e9 des faits\u00a0\u00bb, commis par un responsable politique aspirant alors \u00e0 la fonction supr\u00eame de la R\u00e9publique.<\/p>\n<p class=\"article__paragraph  \">Contrairement aux deux autres condamn\u00e9s avec mandat de d\u00e9p\u00f4t dans ce proc\u00e8s, l\u2019interm\u00e9diaire Alexandre Djouhri et le banquier Wahib Nacer, Nicolas Sarkozy, qui a toujours r\u00e9pondu aux convocations de la justice, a b\u00e9n\u00e9fici\u00e9 d\u2019un d\u00e9lai avant son incarc\u00e9ration pour prendre ses dispositions professionnelles.<\/p>\n<p>                                     Lire aussi notre \u00e9ditorial |  <a href=\"https:\/\/www.lemonde.fr\/idees\/article\/2025\/09\/26\/condamnation-de-sarkozy-nul-n-est-au-dessus-des-lois_6643009_3232.html\" class=\"js-article-read-also catcher--favoris__link\" data-premium=\"\" id=\"article-title-3439702\" rel=\"nofollow noopener\" target=\"_blank\">Condamnation de Sarkozy\u00a0: nul n\u2019est au-dessus des lois<\/a>    <\/p>\n<p>   Lire plus tard  <\/p>\n<p>                        La Sant\u00e9 ou Fleury-M\u00e9rogis                  <\/p>\n<p class=\"article__paragraph  \">La mise sous \u00e9crou doit th\u00e9oriquement intervenir dans un d\u00e9lai de quatre mois \u00e0 compter de cette convocation mais Nicolas Sarkozy sera incarc\u00e9r\u00e9 dans un \u00ab\u00a0d\u00e9lai relativement proche\u00a0\u00bb, avait expliqu\u00e9 \u00e0 l\u2019AFP une source judiciaire au moment du jugement.<\/p>\n<p class=\"article__paragraph  \">En principe, en r\u00e9gion parisienne, la ventilation dans les \u00e9tablissements p\u00e9nitentiaires se fait selon une r\u00e9partition alphab\u00e9tique. Mais pour assurer sa s\u00e9curit\u00e9, l\u2019ex-pr\u00e9sident pourrait \u00eatre incarc\u00e9r\u00e9 soit dans un quartier des personnalit\u00e9s vuln\u00e9rables (QPV), soit en quartier d\u2019isolement. En r\u00e9gion parisienne, seules deux maisons d\u2019arr\u00eat disposent d\u2019un QPV\u00a0: la Sant\u00e9, \u00e0 Paris, et Fleury-M\u00e9rogis, en Essonne.<\/p>\n<p class=\"article__paragraph  \">D\u00e8s son entr\u00e9e en prison, la d\u00e9fense de Nicolas Sarkozy, 70\u00a0ans, pourra d\u00e9poser une demande de mise en libert\u00e9 devant la cour d\u2019appel. Celle-ci a un maximum de deux mois pour statuer sur cette demande. En cas de rejet, Nicolas Sarkozy pourra d\u00e9poser de nouvelles demandes.<\/p>\n<p>                                     Lire aussi |  Article r\u00e9serv\u00e9 \u00e0 nos abonn\u00e9s  <a href=\"https:\/\/www.lemonde.fr\/idees\/article\/2025\/10\/12\/puisse-la-condamnation-de-nicolas-sarkozy-conduire-a-une-certaine-moderation-dans-l-expression-publique-et-dans-l-ecriture-de-la-loi_6645881_3232.html\" class=\"js-article-read-also catcher--favoris__link\" data-premium=\"1\" id=\"article-title-3441732\" rel=\"nofollow noopener\" target=\"_blank\">\u00ab\u00a0Puisse la condamnation de Nicolas Sarkozy conduire \u00e0 une certaine mod\u00e9ration dans l\u2019expression publique et dans l\u2019\u00e9criture de la loi\u00a0\u00bb<\/a>    <\/p>\n<p>   Lire plus tard  <\/p>\n<p class=\"article__paragraph  \">Les sept pr\u00e9venus condamn\u00e9s dans le proc\u00e8s libyen ont fait appel, de m\u00eame que le PNF. Le minist\u00e8re public a aussi fait appel de relaxes prononc\u00e9es par le tribunal de Paris, comme celle d\u2019Eric Woerth, tr\u00e9sorier de la campagne de 2007.<\/p>\n<p> Newsletter  <\/p>\n<p> <a href=\"https:\/\/www.lemonde.fr\/newsletters\/politique\/\" class=\"inread__link js-services-inread-link\" target=\"_blank\" rel=\"nofollow noopener\">  <\/p>\n<p>\u00ab Politique \u00bb<\/p>\n<p>Chaque semaine, \u00ab Le Monde \u00bb analyse pour vous les enjeux de l&rsquo;actualit\u00e9 politique<\/p>\n<p>S&rsquo;inscrire<\/p>\n<p> <\/a>             <\/p>\n<p class=\"article__paragraph  \">Un nouveau proc\u00e8s se tiendra donc au cours des prochains mois devant la cour d\u2019appel de Paris. En premi\u00e8re instance, le tribunal a consid\u00e9r\u00e9 que des flux d\u2019argent \u00e9taient effectivement partis de Libye mais que la proc\u00e9dure ne d\u00e9montrait pas qu\u2019ils \u00e9taient arriv\u00e9s dans les caisses de la campagne de Nicolas Sarkozy.<\/p>\n<p class=\"article__paragraph  \">Toutefois, en droit, la pr\u00e9paration suffit \u00e0 caract\u00e9riser le d\u00e9lit d\u2019associations de malfaiteurs, m\u00eame si le but vis\u00e9 ne s\u2019est finalement pas concr\u00e9tis\u00e9. Si les trois d\u00e9tenus du dossier libyen sont maintenus en prison, la juridiction a un d\u00e9lai de six mois pour organiser un nouveau proc\u00e8s, une p\u00e9riode renouvelable deux fois si cela est d\u00fbment motiv\u00e9.Au-del\u00e0 de dix-huit mois, si l\u2019audience sur le fond n\u2019a pas pu avoir lieu, les pr\u00e9venus sont remis imm\u00e9diatement en libert\u00e9, s\u2019ils ne sont pas d\u00e9tenus par ailleurs dans d\u2019autres dossiers.<\/p>\n<p>                                     Lire aussi |  Article r\u00e9serv\u00e9 \u00e0 nos abonn\u00e9s  <a href=\"https:\/\/www.lemonde.fr\/politique\/article\/2025\/10\/05\/quasiment-la-famille-vincent-bollore-le-plus-fervent-soutien-de-nicolas-sarkozy_6644511_823448.html\" class=\"js-article-read-also catcher--favoris__link\" data-premium=\"1\" id=\"article-title-3440817\" rel=\"nofollow noopener\" target=\"_blank\">\u00ab\u00a0Quasiment la famille\u00a0\u00bb\u00a0: Vincent Bollor\u00e9, le plus fervent soutien de Nicolas Sarkozy<\/a>    <\/p>\n<p>   Lire plus tard  <\/p>\n<p class=\"author__detail\">  Le Monde avec AFP  <\/p>\n<p>                  <a href=\"https:\/\/www.lemonde.fr\/syndication\/\" class=\"reuse__content\" title=\"R\u00e9utiliser ce contenu\" target=\"_blank\" rel=\"nofollow noopener\">R\u00e9utiliser ce contenu<\/a>      <\/p>\n","protected":false},"excerpt":{"rendered":"Nicolas Sarkozy, dans son bureau parisien, le 13\u00a0octobre 2025. JULIEN DE ROSA\/AFP Nicolas Sarkozy a quitt\u00e9, lundi 13\u00a0octobre,&hellip;\n","protected":false},"author":2,"featured_media":459891,"comment_status":"","ping_status":"","sticky":false,"template":"","format":"standard","meta":{"footnotes":""},"categories":[1888],"tags":[1111,1928,11,1927,1777,674,1011,27,12,1926,626,1925,25],"class_list":{"0":"post-459890","1":"post","2":"type-post","3":"status-publish","4":"format-standard","5":"has-post-thumbnail","7":"category-paris","8":"tag-actu","9":"tag-actu-paris","10":"tag-actualites","11":"tag-actualites-paris","12":"tag-eu","13":"tag-europe","14":"tag-fr","15":"tag-france","16":"tag-news","17":"tag-news-paris","18":"tag-paris","19":"tag-paris-news","20":"tag-republique-francaise"},"share_on_mastodon":{"url":"https:\/\/pubeurope.com\/@fr\/115366983618686425","error":""},"_links":{"self":[{"href":"https:\/\/www.europesays.com\/fr\/wp-json\/wp\/v2\/posts\/459890","targetHints":{"allow":["GET"]}}],"collection":[{"href":"https:\/\/www.europesays.com\/fr\/wp-json\/wp\/v2\/posts"}],"about":[{"href":"https:\/\/www.europesays.com\/fr\/wp-json\/wp\/v2\/types\/post"}],"author":[{"embeddable":true,"href":"https:\/\/www.europesays.com\/fr\/wp-json\/wp\/v2\/users\/2"}],"replies":[{"embeddable":true,"href":"https:\/\/www.europesays.com\/fr\/wp-json\/wp\/v2\/comments?post=459890"}],"version-history":[{"count":0,"href":"https:\/\/www.europesays.com\/fr\/wp-json\/wp\/v2\/posts\/459890\/revisions"}],"wp:featuredmedia":[{"embeddable":true,"href":"https:\/\/www.europesays.com\/fr\/wp-json\/wp\/v2\/media\/459891"}],"wp:attachment":[{"href":"https:\/\/www.europesays.com\/fr\/wp-json\/wp\/v2\/media?parent=459890"}],"wp:term":[{"taxonomy":"category","embeddable":true,"href":"https:\/\/www.europesays.com\/fr\/wp-json\/wp\/v2\/categories?post=459890"},{"taxonomy":"post_tag","embeddable":true,"href":"https:\/\/www.europesays.com\/fr\/wp-json\/wp\/v2\/tags?post=459890"}],"curies":[{"name":"wp","href":"https:\/\/api.w.org\/{rel}","templated":true}]}}