{"id":459894,"date":"2025-10-13T13:01:13","date_gmt":"2025-10-13T13:01:13","guid":{"rendered":"https:\/\/www.europesays.com\/fr\/459894\/"},"modified":"2025-10-13T13:01:13","modified_gmt":"2025-10-13T13:01:13","slug":"terminus-prison-pour-le-voyageur-qui-renfermait-bien-plus-que-du-cafe-dans-ses-bagages","status":"publish","type":"post","link":"https:\/\/www.europesays.com\/fr\/459894\/","title":{"rendered":"terminus prison pour le voyageur qui renfermait bien plus que du caf\u00e9 dans ses bagages"},"content":{"rendered":"<p>            Par<br \/>\n        <strong><br \/>\n            <a href=\"https:\/\/actu.fr\/auteur\/redaction-paris\" title=\"Consulter tous les articles de R\u00e9daction Paris\" target=\"_blank\" rel=\"noopener\">R\u00e9daction Paris<\/a><br \/>\n        <\/strong><\/p>\n<p>        Publi\u00e9 le<\/p>\n<p>            13 oct. 2025 \u00e0 13h51        <\/p>\n<p>Un excitant peut en cacher un autre. Le 28 septembre 2025, les douanes ont contr\u00f4l\u00e9 un homme dans la <a href=\"https:\/\/actu.fr\/tag\/gare-de-lyon\" target=\"_blank\" rel=\"noopener\">gare de Lyon<\/a> \u00e0 <a href=\"https:\/\/actu.fr\/paris\/\" target=\"_blank\" rel=\"noopener\">Paris<\/a>. \u00c0 l\u2019int\u00e9rieur de ses bagages, ils ont trouv\u00e9 <strong>plus de 11 kg d\u2019ecstasy<\/strong>. L\u2019individu a \u00e9t\u00e9 interpell\u00e9 et condamn\u00e9 \u00e0 15\u00a0mois de prison, nous indiquent les douanes dans un communiqu\u00e9.<\/p>\n<p>La drogue dissimul\u00e9e dans du caf\u00e9<\/p>\n<p class=\" wall-content\">Le voyageur a \u00e9t\u00e9 contr\u00f4l\u00e9 alors qu\u2019il s\u2019appr\u00eatait \u00e0 prendre le train pour Nice (Alpes-Maritime). Ce dernier est rep\u00e9r\u00e9 par le chien renifleur. De mani\u00e8re spontan\u00e9e, il remet aux douaniers une petite quantit\u00e9 de <a href=\"https:\/\/actu.fr\/tag\/cocaine\" target=\"_blank\" rel=\"noopener\">coca\u00efne<\/a> et de <a href=\"https:\/\/actu.fr\/tag\/cannabis\" target=\"_blank\" rel=\"noopener\">cannabis<\/a>. Les agents ne sont pas dupes et d\u00e9cident d\u2019inspecter la valise que transporte l\u2019individu.<\/p>\n<p class=\" wall-content\">\u00c0 l\u2019int\u00e9rieur du bagage, pas de v\u00eatements, mais des paquets de sucreries et de caf\u00e9. Chose \u00e9trange\u2009: le poids des sachets de grains est tr\u00e8s lourd. L\u2019un d\u2019eux est ouvert et surprise\u2009: <strong>des cachets de couleur verte et orange<\/strong>. Il s\u2019agit d\u2019ecstasy. Au total, 11,6\u00a0kg de cette drogue pris\u00e9e du monde la nuit est saisie.<\/p>\n<p class=\" wall-content\">Interpell\u00e9, le voyageur a \u00e9t\u00e9 jug\u00e9 peu de temps apr\u00e8s en comparution imm\u00e9diate. Il a \u00e9t\u00e9 condamn\u00e9 \u00e0 15\u00a0mois de prison et 10\u00a0ans d\u2019interdiction de territoire fran\u00e7ais.<\/p>\n<p class=\" wall-content\">Personnalisez votre actualit\u00e9 en ajoutant vos villes et m\u00e9dias en favori avec <a href=\"https:\/\/moncompte.actu.fr\" title=\"D\u00e9couvez Mon Actu\" rel=\"nofollow noopener\" data-trk=\"{&quot;cta&quot;:{&quot;action&quot;:&quot;https:\\\/\\\/moncompte.actu.fr&quot;,&quot;category&quot;:&quot;mon compte&quot;,&quot;from&quot;:&quot;article footer&quot;,&quot;name&quot;:&quot;Mon actu&quot;,&quot;type&quot;:&quot;cta&quot;}}\" target=\"_blank\">Mon Actu<\/a>.<\/p>\n","protected":false},"excerpt":{"rendered":"Par R\u00e9daction Paris Publi\u00e9 le 13 oct. 2025 \u00e0 13h51 Un excitant peut en cacher un autre. Le&hellip;\n","protected":false},"author":2,"featured_media":459895,"comment_status":"","ping_status":"","sticky":false,"template":"","format":"standard","meta":{"footnotes":""},"categories":[1888],"tags":[11,1052,1777,674,118,1011,27,3338,12,626,25],"class_list":{"0":"post-459894","1":"post","2":"type-post","3":"status-publish","4":"format-standard","5":"has-post-thumbnail","7":"category-paris","8":"tag-actualites","9":"tag-drogue","10":"tag-eu","11":"tag-europe","12":"tag-faits-divers","13":"tag-fr","14":"tag-france","15":"tag-gare-de-lyon","16":"tag-news","17":"tag-paris","18":"tag-republique-francaise"},"share_on_mastodon":{"url":"https:\/\/pubeurope.com\/@fr\/115366991221880544","error":""},"_links":{"self":[{"href":"https:\/\/www.europesays.com\/fr\/wp-json\/wp\/v2\/posts\/459894","targetHints":{"allow":["GET"]}}],"collection":[{"href":"https:\/\/www.europesays.com\/fr\/wp-json\/wp\/v2\/posts"}],"about":[{"href":"https:\/\/www.europesays.com\/fr\/wp-json\/wp\/v2\/types\/post"}],"author":[{"embeddable":true,"href":"https:\/\/www.europesays.com\/fr\/wp-json\/wp\/v2\/users\/2"}],"replies":[{"embeddable":true,"href":"https:\/\/www.europesays.com\/fr\/wp-json\/wp\/v2\/comments?post=459894"}],"version-history":[{"count":0,"href":"https:\/\/www.europesays.com\/fr\/wp-json\/wp\/v2\/posts\/459894\/revisions"}],"wp:featuredmedia":[{"embeddable":true,"href":"https:\/\/www.europesays.com\/fr\/wp-json\/wp\/v2\/media\/459895"}],"wp:attachment":[{"href":"https:\/\/www.europesays.com\/fr\/wp-json\/wp\/v2\/media?parent=459894"}],"wp:term":[{"taxonomy":"category","embeddable":true,"href":"https:\/\/www.europesays.com\/fr\/wp-json\/wp\/v2\/categories?post=459894"},{"taxonomy":"post_tag","embeddable":true,"href":"https:\/\/www.europesays.com\/fr\/wp-json\/wp\/v2\/tags?post=459894"}],"curies":[{"name":"wp","href":"https:\/\/api.w.org\/{rel}","templated":true}]}}