{"id":459896,"date":"2025-10-13T13:02:13","date_gmt":"2025-10-13T13:02:13","guid":{"rendered":"https:\/\/www.europesays.com\/fr\/459896\/"},"modified":"2025-10-13T13:02:13","modified_gmt":"2025-10-13T13:02:13","slug":"habibi-love-oriental-vibes-party-special-hommage-a","status":"publish","type":"post","link":"https:\/\/www.europesays.com\/fr\/459896\/","title":{"rendered":"Habibi Love ~ Oriental vibes Party sp\u00e9cial hommage \u00e0"},"content":{"rendered":"<p>\n  Soir\u00e9e vers les sonorit\u00e9s du Maghreb, le Monde Arabe, la M\u00e9diterran\u00e9e jusqu&rsquo;au Moyen Orient \u00e0 Villette de 23h jusqu&rsquo;\u00e0 l&rsquo;aube\u00a0ce vendredi 17 octobre \u00e0 La Folie\u00a0dans la Villette\u00a0!\n<\/p>\n<p>\n  La soir\u00e9e oriental vibes made in Paname HABIBI LOVE fait sa rentr\u00e9e le vendredi 17 OCTOBRE \u00e0 La Folie dans La Villette de 23h \u00e0 l&rsquo;aube avec une \u00e9dition SPECIAL HOMMAGE \u00ab\u00a0RA\u00cf N&rsquo;B FEVER\u00a0\u00bb\u00a0!\n<\/p>\n<p>\n  Voyage entre le Maghreb, le Monde Arabe et la M\u00e9diterran\u00e9e jusqu&rsquo;au d\u00e9sert pour transpirer avec des classiques aux sonorit\u00e9s avant-garde et \u00e9lectroniques underground\u00a0! Une exp\u00e9rience sonore exquise pour se plonger dans la musique des MENA remplie d&rsquo;amour et de danses effr\u00e9n\u00e9es\u00a0!\n<\/p>\n<p>  Artistes<\/p>\n<ul class=\"list\">\n<li data-controller=\"list\">\n<p>YANE (North Africa &amp; Electronic\u00a0\u2013 Alg\u00e9rie)<\/p>\n<\/li>\n<li data-controller=\"list\">\n<p>DJOON (Modern Arabic &amp; Oriental sounds)<\/p>\n<\/li>\n<li data-controller=\"list\">\n<p>DJ CUCURUCHO (Arab sounds &amp; Oriental grooves)<\/p>\n<\/li>\n<li data-controller=\"list\">\n<p>GROOVALIZACION DJs (Techno-Oriental &amp; Arab-beats)<\/p>\n<\/li>\n<li data-controller=\"list\">\n<p>special guest\u00a0: MIXWELL (Oriental Groove\/ USA)<\/p>\n<\/li>\n<\/ul>\n<p class=\"update\">\n<p>  Mise \u00e0 jour le 13\/10\/2025<\/p>\n","protected":false},"excerpt":{"rendered":"Soir\u00e9e vers les sonorit\u00e9s du Maghreb, le Monde Arabe, la M\u00e9diterran\u00e9e jusqu&rsquo;au Moyen Orient \u00e0 Villette de 23h&hellip;\n","protected":false},"author":2,"featured_media":459897,"comment_status":"","ping_status":"","sticky":false,"template":"","format":"standard","meta":{"footnotes":""},"categories":[1888],"tags":[11,1777,674,1011,27,12,626,25],"class_list":{"0":"post-459896","1":"post","2":"type-post","3":"status-publish","4":"format-standard","5":"has-post-thumbnail","7":"category-paris","8":"tag-actualites","9":"tag-eu","10":"tag-europe","11":"tag-fr","12":"tag-france","13":"tag-news","14":"tag-paris","15":"tag-republique-francaise"},"share_on_mastodon":{"url":"https:\/\/pubeurope.com\/@fr\/115366995153201098","error":""},"_links":{"self":[{"href":"https:\/\/www.europesays.com\/fr\/wp-json\/wp\/v2\/posts\/459896","targetHints":{"allow":["GET"]}}],"collection":[{"href":"https:\/\/www.europesays.com\/fr\/wp-json\/wp\/v2\/posts"}],"about":[{"href":"https:\/\/www.europesays.com\/fr\/wp-json\/wp\/v2\/types\/post"}],"author":[{"embeddable":true,"href":"https:\/\/www.europesays.com\/fr\/wp-json\/wp\/v2\/users\/2"}],"replies":[{"embeddable":true,"href":"https:\/\/www.europesays.com\/fr\/wp-json\/wp\/v2\/comments?post=459896"}],"version-history":[{"count":0,"href":"https:\/\/www.europesays.com\/fr\/wp-json\/wp\/v2\/posts\/459896\/revisions"}],"wp:featuredmedia":[{"embeddable":true,"href":"https:\/\/www.europesays.com\/fr\/wp-json\/wp\/v2\/media\/459897"}],"wp:attachment":[{"href":"https:\/\/www.europesays.com\/fr\/wp-json\/wp\/v2\/media?parent=459896"}],"wp:term":[{"taxonomy":"category","embeddable":true,"href":"https:\/\/www.europesays.com\/fr\/wp-json\/wp\/v2\/categories?post=459896"},{"taxonomy":"post_tag","embeddable":true,"href":"https:\/\/www.europesays.com\/fr\/wp-json\/wp\/v2\/tags?post=459896"}],"curies":[{"name":"wp","href":"https:\/\/api.w.org\/{rel}","templated":true}]}}