{"id":459898,"date":"2025-10-13T13:03:13","date_gmt":"2025-10-13T13:03:13","guid":{"rendered":"https:\/\/www.europesays.com\/fr\/459898\/"},"modified":"2025-10-13T13:03:13","modified_gmt":"2025-10-13T13:03:13","slug":"budget-militaire-en-hausse-la-france-accelere-son-rearmement-face-a-la-menace-russe","status":"publish","type":"post","link":"https:\/\/www.europesays.com\/fr\/459898\/","title":{"rendered":"Budget militaire en hausse : la France acc\u00e9l\u00e8re son r\u00e9armement face \u00e0 la menace russe"},"content":{"rendered":"<p>Paris &#8211; A la veille de la pr\u00e9sentation du projet de budget sur lequel son gouvernement joue sa survie, le Premier ministre S\u00e9bastien Lecornu a jug\u00e9 \u00abindispensable\u00bb de respecter l\u2019augmentation pr\u00e9vue du budget militaire pour faire face \u00e0 la menace russe et au \u00abdurcissement du monde\u00bb.<\/p>\n<p>Dans un contexte d&rsquo;\u00e9conomies budg\u00e9taires attendues, le minist\u00e8re des Arm\u00e9es \u00e9tait l\u2019un des rares \u00e0 voir son enveloppe amen\u00e9e \u00e0 grossir.<\/p>\n<p>\u00abLe 13 juillet dernier, le chef de l\u2019Etat a annonc\u00e9 un nouvel effort pour acc\u00e9l\u00e9rer notre r\u00e9armement. Il est indispensable. Je veillerai \u00e0 ce que cette parole soit respect\u00e9e\u00bb, affirme dans un message aux Arm\u00e9es S\u00e9bastien Lecornu, qui vient de transmettre son poste de ministre des Arm\u00e9es \u00e0 Catherine Vautrin.<\/p>\n<p>Le pr\u00e9sident Emmanuel Macron avait alors indiqu\u00e9 vouloir pour 2026 une rallonge budg\u00e9taire suppl\u00e9mentaire de 3,5 milliards d\u2019euros, en plus des 3,2 milliards d\u00e9j\u00e0 pr\u00e9vus par la Loi de programmation militaire (LPM).<\/p>\n<p>Cet effort porterait le budget des Arm\u00e9es \u00e0 57,2 milliards d\u2019euros, contre 50,5 milliards en 2025 (+13%).<\/p>\n<p>L\u2019ann\u00e9e suivante, entre la progression pr\u00e9vue par la LPM et une nouvelle \u00absurmarche\u00bb souhait\u00e9e par le chef de l\u2019Etat, celui-ci devrait atteindre 63,4 milliards d\u2019euros, \u00e0 la faveur d\u2019une actualisation de la LPM.<\/p>\n<p>L\u2019ambition affich\u00e9e par Emmanuel Macron est de doubler le budget de la d\u00e9fense en dix ans sous ses deux mandats. Celui-ci \u00e9tait de 32,2 milliards d\u2019euros en 2017.<\/p>\n<p>Face \u00e0 la menace pos\u00e9e par la Russie pour la s\u00e9curit\u00e9 de l\u2019Europe, sur fond de guerre en Ukraine, et les d\u00e9veloppements technologiques, \u00abnul ne peut demeurer immobile. Nous avons une avance, mais demain, au m\u00eame rythme, nous serions d\u00e9pass\u00e9s\u00bb, avait-il justifi\u00e9 dans son traditionnel discours aux arm\u00e9es \u00e0 la veille de la F\u00eate nationale.<\/p>\n<p>Cette hausse pr\u00e9vue du budget des Arm\u00e9es intervient alors que la France, deuxi\u00e8me \u00e9conomie de la zone euro, affiche une dette de 3.400 milliards d\u2019euros (115,6% du PIB) et une croissance plomb\u00e9e par la frilosit\u00e9 des investissements.<\/p>\n<p> \u00abPr\u00e9paration \u00e0 la haute intensit\u00e9\u00bb <\/p>\n<p>Dans son message aux Arm\u00e9es publi\u00e9 sur X, S\u00e9bastien Lecornu appelle \u00e0 continuer de \u00abb\u00e2tir un nouveau mod\u00e8le d\u2019arm\u00e9e: hybride, d\u2019active et de r\u00e9serve, aux comp\u00e9tences durcies et \u00e0 la r\u00e9silience renforc\u00e9e (&#8230;) un mod\u00e8le d\u2019engagement op\u00e9rationnel avec nos alli\u00e9s et nos partenaires pour la s\u00e9curit\u00e9 collective de l\u2019Europe\u00bb, alors que la guerre en Ukraine fait rage depuis f\u00e9vrier 2022.<\/p>\n<p>Mais tout cela d\u00e9pend de l\u2019absence de censure, d\u00e9j\u00e0 promise par La France insoumise et le Rassemblement national, et l\u2019adoption du projet de loi de finances par une Assembl\u00e9e nationale fragment\u00e9e et le S\u00e9nat.<\/p>\n<p>La t\u00e2che s\u2019annonce ardue, alors que le Premier ministre a annonc\u00e9 renoncer \u00e0 utiliser l\u2019article 49.3 de la Constitution qui permet d\u2019adopter sans vote un projet de loi. Les budgets des trois derni\u00e8res ann\u00e9es ont tous \u00e9t\u00e9 adopt\u00e9s \u00e0 la faveur de cette disposition.<\/p>\n<p>Alors que tous les pays d\u2019Europe sont engag\u00e9s dans un mouvement de r\u00e9armement &#8211; les membres de l\u2019Otan ont promis d\u2019atteindre 3,5% de leur PIB consacr\u00e9 \u00e0 la d\u00e9fense -, la n\u00e9cessit\u00e9 d\u2019une augmentation des d\u00e9penses militaires n\u2019a pour l\u2019heure pas \u00e9t\u00e9 remise en cause par les forces politiques en France.<\/p>\n<p>\u00abNous pr\u00e9f\u00e9rons l&rsquo;\u00e9conomie de d\u00e9veloppement \u00e9cologique plut\u00f4t que l&rsquo;\u00e9conomie d\u2019armement\u00bb, a toutefois point\u00e9 lundi sur la radio France inter le fondateur du parti LFI Jean-Luc M\u00e9lenchon.<\/p>\n<p>Le budget suppl\u00e9mentaire attendu par les Arm\u00e9es vise \u00e0 la fois \u00e0 assurer la \u00abcoh\u00e9rence\u00bb de leur mont\u00e9e en puissance et \u00abla pr\u00e9paration \u00e0 la haute intensit\u00e9\u00bb, r\u00e9sumait r\u00e9cemment le chef d&rsquo;\u00e9tat-major de la Marine, l\u2019amiral Nicolas Vaujour.<\/p>\n<p>Cela passe par l\u2019acc\u00e9l\u00e9ration du renouvellement de certains mat\u00e9riels, un entra\u00eenement accru et une maintenance am\u00e9lior\u00e9e ainsi que par des achats de munitions de tous types pour \u00eatre en mesure de faire face \u00e0 un \u00e9ventuel conflit.<\/p>\n<p>A d\u00e9faut de vote du budget, les Arm\u00e9es d\u00e9buteront l\u2019ann\u00e9e 2026 avec le budget de 50,5 milliards de 2025. Le minist\u00e8re disposera chaque mois du douzi\u00e8me de cette somme pour payer les soldes, l\u2019entra\u00eenement des militaires et r\u00e9aliser ses commandes.<\/p>\n<p>Mathieu RABECHAULT<\/p>\n<p>\u00a9 Agence France-Presse<\/p>\n","protected":false},"excerpt":{"rendered":"Paris &#8211; A la veille de la pr\u00e9sentation du projet de budget sur lequel son gouvernement joue sa&hellip;\n","protected":false},"author":2,"featured_media":459899,"comment_status":"","ping_status":"","sticky":false,"template":"","format":"standard","meta":{"footnotes":""},"categories":[1591],"tags":[11,1887,12,1885,1886,132],"class_list":{"0":"post-459898","1":"post","2":"type-post","3":"status-publish","4":"format-standard","5":"has-post-thumbnail","7":"category-russie","8":"tag-actualites","9":"tag-federation-de-russie","10":"tag-news","11":"tag-russia","12":"tag-russian-federation","13":"tag-russie"},"share_on_mastodon":{"url":"https:\/\/pubeurope.com\/@fr\/115366999165035983","error":""},"_links":{"self":[{"href":"https:\/\/www.europesays.com\/fr\/wp-json\/wp\/v2\/posts\/459898","targetHints":{"allow":["GET"]}}],"collection":[{"href":"https:\/\/www.europesays.com\/fr\/wp-json\/wp\/v2\/posts"}],"about":[{"href":"https:\/\/www.europesays.com\/fr\/wp-json\/wp\/v2\/types\/post"}],"author":[{"embeddable":true,"href":"https:\/\/www.europesays.com\/fr\/wp-json\/wp\/v2\/users\/2"}],"replies":[{"embeddable":true,"href":"https:\/\/www.europesays.com\/fr\/wp-json\/wp\/v2\/comments?post=459898"}],"version-history":[{"count":0,"href":"https:\/\/www.europesays.com\/fr\/wp-json\/wp\/v2\/posts\/459898\/revisions"}],"wp:featuredmedia":[{"embeddable":true,"href":"https:\/\/www.europesays.com\/fr\/wp-json\/wp\/v2\/media\/459899"}],"wp:attachment":[{"href":"https:\/\/www.europesays.com\/fr\/wp-json\/wp\/v2\/media?parent=459898"}],"wp:term":[{"taxonomy":"category","embeddable":true,"href":"https:\/\/www.europesays.com\/fr\/wp-json\/wp\/v2\/categories?post=459898"},{"taxonomy":"post_tag","embeddable":true,"href":"https:\/\/www.europesays.com\/fr\/wp-json\/wp\/v2\/tags?post=459898"}],"curies":[{"name":"wp","href":"https:\/\/api.w.org\/{rel}","templated":true}]}}