{"id":459912,"date":"2025-10-13T13:10:14","date_gmt":"2025-10-13T13:10:14","guid":{"rendered":"https:\/\/www.europesays.com\/fr\/459912\/"},"modified":"2025-10-13T13:10:14","modified_gmt":"2025-10-13T13:10:14","slug":"en-direct-affaire-libyenne-nicolas-sarkozy-fixe-ce-lundi-sur-la-date-de-son-incarceration","status":"publish","type":"post","link":"https:\/\/www.europesays.com\/fr\/459912\/","title":{"rendered":"EN DIRECT &#8211; Affaire libyenne : Nicolas Sarkozy fix\u00e9 ce lundi sur la date de son incarc\u00e9ration"},"content":{"rendered":"<p class=\"fig-paragraph\">Situ\u00e9 dans le 14e arrondissement parisien, l\u2019\u00e9tablissement est la derni\u00e8re prison intra-muros de Paris. Il s\u2019agirait probablement du lieu d\u2019incarc\u00e9ration de l\u2019ancien pr\u00e9sident de la R\u00e9publique.<\/p>\n<p class=\"fig-paragraph\">Notre journaliste, Paule Gonzal\u00e8s, rapporte en effet que quinze jours auparavant le conseiller p\u00e9nitentiaire de la Chancellerie, le directeur interr\u00e9gional de Paris ainsi que le directeur de la DAP en personne sont venus faire du rep\u00e9rage \u00e0 la maison d\u2019arr\u00eat parisienne, visitant tour \u00e0 tour le quartier des d\u00e9tenus vuln\u00e9rables mais aussi celui de l\u2019isolement.<\/p>\n<p class=\"fig-paragraph\">L\u2019avantage de l\u2019\u00e9tablissement de la Sant\u00e9 est d\u2019avoir \u00e9t\u00e9 totalement refait \u00e0 neuf il y a cinq ans et de pr\u00e9senter des conditions de d\u00e9tention acceptables\u00a0: des cellules individuelles de 10 \u00e0 12\u00a0m\u00e8tres carr\u00e9s \u00e9quip\u00e9es de douches.<\/p>\n<p class=\"fig-paragraph\">Autre possibilit\u00e9, la prison de Fleury-M\u00e9rogis, en Essonne. Comme la Sant\u00e9, elle dispose d\u2019un quartier d\u2019isolement, apte \u00e0 assurer la s\u00e9curit\u00e9 de Nicolas Sarkozy.<\/p>\n<p class=\"fig-body-cta-link\" data-module=\"fig-cta-link\" data-context=\"was @visible\">\n    <a class=\"fig-body-cta-link__link\" href=\"https:\/\/www.lefigaro.fr\/actualite-france\/financement-libyen-nicolas-sarkozy-pourrait-etre-place-a-l-isolement-a-la-prison-de-la-sante-20251012\" data-js-gtm=\"{&quot;event&quot;:&quot;customEventGA4&quot;,&quot;eventName&quot;:&quot;click_navigation&quot;,&quot;button_action&quot;:&quot;crossclick&quot;,&quot;feature&quot;:&quot;Contextuel_bouton&quot;,&quot;feature_details&quot;:&quot;LIRE L\\u2019ARTICLE DE PAUL GONZAL\\u00c8S&quot;,&quot;link_url&quot;:&quot;https:\\\/\\\/www.lefigaro.fr\\\/actualite-france\\\/financement-libyen-nicolas-sarkozy-pourrait-etre-place-a-l-isolement-a-la-prison-de-la-sante-20251012&quot;}\" target=\"_blank\" rel=\"noopener\"><br \/>\n                LIRE L\u2019ARTICLE DE PAUL GONZAL\u00c8S<br \/>\n    <\/a><\/p>\n","protected":false},"excerpt":{"rendered":"Situ\u00e9 dans le 14e arrondissement parisien, l\u2019\u00e9tablissement est la derni\u00e8re prison intra-muros de Paris. Il s\u2019agirait probablement du&hellip;\n","protected":false},"author":2,"featured_media":459913,"comment_status":"","ping_status":"","sticky":false,"template":"","format":"standard","meta":{"footnotes":""},"categories":[2],"tags":[47,1058,1054,1059,1060,1055,11,1057,118,1011,27,1061,303,12,3091,1062,806,25,656,104,1056,809],"class_list":{"0":"post-459912","1":"post","2":"type-post","3":"status-publish","4":"format-standard","5":"has-post-thumbnail","7":"category-actualites","8":"tag-actualite","9":"tag-actualite-education","10":"tag-actualite-france","11":"tag-actualite-justice","12":"tag-actualite-securite","13":"tag-actualite-societe","14":"tag-actualites","15":"tag-education","16":"tag-faits-divers","17":"tag-fr","18":"tag-france","19":"tag-immigration","20":"tag-justice","21":"tag-news","22":"tag-nicolas-sarkozy","23":"tag-polemique","24":"tag-prison","25":"tag-republique-francaise","26":"tag-securite","27":"tag-societe","28":"tag-societe-francaise","29":"tag-violence"},"share_on_mastodon":{"url":"https:\/\/pubeurope.com\/@fr\/115367027002063869","error":""},"_links":{"self":[{"href":"https:\/\/www.europesays.com\/fr\/wp-json\/wp\/v2\/posts\/459912","targetHints":{"allow":["GET"]}}],"collection":[{"href":"https:\/\/www.europesays.com\/fr\/wp-json\/wp\/v2\/posts"}],"about":[{"href":"https:\/\/www.europesays.com\/fr\/wp-json\/wp\/v2\/types\/post"}],"author":[{"embeddable":true,"href":"https:\/\/www.europesays.com\/fr\/wp-json\/wp\/v2\/users\/2"}],"replies":[{"embeddable":true,"href":"https:\/\/www.europesays.com\/fr\/wp-json\/wp\/v2\/comments?post=459912"}],"version-history":[{"count":0,"href":"https:\/\/www.europesays.com\/fr\/wp-json\/wp\/v2\/posts\/459912\/revisions"}],"wp:featuredmedia":[{"embeddable":true,"href":"https:\/\/www.europesays.com\/fr\/wp-json\/wp\/v2\/media\/459913"}],"wp:attachment":[{"href":"https:\/\/www.europesays.com\/fr\/wp-json\/wp\/v2\/media?parent=459912"}],"wp:term":[{"taxonomy":"category","embeddable":true,"href":"https:\/\/www.europesays.com\/fr\/wp-json\/wp\/v2\/categories?post=459912"},{"taxonomy":"post_tag","embeddable":true,"href":"https:\/\/www.europesays.com\/fr\/wp-json\/wp\/v2\/tags?post=459912"}],"curies":[{"name":"wp","href":"https:\/\/api.w.org\/{rel}","templated":true}]}}