{"id":459914,"date":"2025-10-13T13:11:14","date_gmt":"2025-10-13T13:11:14","guid":{"rendered":"https:\/\/www.europesays.com\/fr\/459914\/"},"modified":"2025-10-13T13:11:14","modified_gmt":"2025-10-13T13:11:14","slug":"le-francais-philippe-aghion-decroche-le-prix-nobel-deconomie-liberation","status":"publish","type":"post","link":"https:\/\/www.europesays.com\/fr\/459914\/","title":{"rendered":"Le Fran\u00e7ais Philippe Aghion d\u00e9croche le prix Nobel d\u2019\u00e9conomie \u2013 Lib\u00e9ration"},"content":{"rendered":"<p class=\"sc-cPiKLX AiZTS text-element\">\u00abLe prix de cette ann\u00e9e concerne la cr\u00e9ation et la destruction\u00bb, a d\u00e9clar\u00e9 le pr\u00e9sident de la Fondation Nobel, avant de remettre le prix Nobel d\u2019\u00e9conomie \u00e0 un nouveau trio : l\u2019Am\u00e9ricano-Isra\u00e9lien <a href=\"https:\/\/www.liberation.fr\/livres\/2020\/05\/13\/revolution-industrielle-les-racines-d-une-croissance-exceptionnelle_1788267\/\" target=\"_blank\" rel=\"noreferrer noopener\" title=\"https:\/\/www.liberation.fr\/livres\/2020\/05\/13\/revolution-industrielle-les-racines-d-une-croissance-exceptionnelle_1788267\/\">Joel Mokyr<\/a>, de l\u2019universit\u00e9 Northwestern, et le Canadien Peter Howitt (Brown University), ainsi que le chercheur fran\u00e7ais rattach\u00e9 au Coll\u00e8ge de France et \u00e0 la London School of Economics Philippe Aghion. Tous trois sont distingu\u00e9s pour leurs travaux sur l\u2019impact des nouvelles technologies sur la croissance \u00e9conomique. La moiti\u00e9 du prix est attribu\u00e9e \u00e0 Mokyr, 79 ans, \u00abpour avoir identifi\u00e9 les conditions pr\u00e9alables \u00e0 une croissance durable gr\u00e2ce au progr\u00e8s technologique\u00bb et l\u2019autre conjointement \u00e0 Aghion, 69 ans, et Howitt, 79 ans, \u00abpour leur th\u00e9orie de la croissance durable \u00e0 travers la destruction cr\u00e9atrice\u00bb. <\/p>\n<p class=\"sc-cPiKLX AiZTS text-element\">Plus pr\u00e9cisemment, Mokyr, \u00aba utilis\u00e9 des sources historiques pour d\u00e9couvrir les causes de la croissance soutenue qui est devenue la nouvelle normalit\u00e9\u00bb, indique le jury dans son communiqu\u00e9, quand Aghion et Howitt ont examin\u00e9 le concept de \u00abdestruction cr\u00e9atrice\u00bb, qui se r\u00e9f\u00e8re \u00e0 la mani\u00e8re dont \u00ablorsqu\u2019un produit nouveau et meilleur arrive sur le march\u00e9, les entreprises qui vendent les produits plus anciens sont perdantes.\u00bb \u00abLes travaux des laur\u00e9ats nous rappellent que nous ne devons pas consid\u00e9rer le progr\u00e8s comme acquis. Au contraire, la soci\u00e9t\u00e9 doit rester attentive aux facteurs qui g\u00e9n\u00e8rent et soutiennent la croissance \u00e9conomique. Ces facteurs sont l\u2019innovation scientifique, la destruction cr\u00e9atrice et une soci\u00e9t\u00e9 ouverte au changement\u00bb, a dit Kerstin Enflo, professeure d\u2019histoire \u00e9conomique et membre du comit\u00e9 Nobel, en pr\u00e9sentant le prix. <\/p>\n<p class=\"sc-cPiKLX AiZTS text-element\">Tous trois succ\u00e8dent \u00e0 un trio de chercheurs bas\u00e9 aux Etats-Unis et r\u00e9compens\u00e9 l\u2019an dernier pour des recherches sur les disparit\u00e9s de richesses entre pays : l\u2019Am\u00e9ricano-Turc Daron Acemoglu et les Britanno-Am\u00e9ricains Simon Johnson et James A. Robinson. <a href=\"https:\/\/www.liberation.fr\/idees-et-debats\/philippe-aghion-sur-le-prix-nobel-deconomie-ils-ont-montre-limportance-des-institutions-dans-le-developpement-economique-dun-pays-20241014_7XRLIZJJ6JARZP2B4M2Y4UZODA\/\" target=\"_blank\" rel=\"noreferrer noopener\" title=\"https:\/\/www.liberation.fr\/idees-et-debats\/philippe-aghion-sur-le-prix-nobel-deconomie-ils-ont-montre-limportance-des-institutions-dans-le-developpement-economique-dun-pays-20241014_7XRLIZJJ6JARZP2B4M2Y4UZODA\/\">L\u2019an dernier, Philippe Aghion appr\u00e9ciait<\/a> : \u00abJe ne peux que me r\u00e9jouir que Daron Acemoglu, qui fut mon \u00e9tudiant, ait re\u00e7u ce prix.\u00bb Joint au t\u00e9l\u00e9phone par les organisateurs du Nobel, il se montre cette ann\u00e9e moins prolixe : \u00abC\u2019est une surprise \u00e9norme. Je reste sans voix, je ne peux pas trouver les mots pour exprimer ce que je ressens.\u00bb <\/p>\n<p class=\"sc-cPiKLX AiZTS text-element\">Un autre Fran\u00e7ais, <a href=\"https:\/\/www.liberation.fr\/economie\/gabriel-zucman-enquete-sur-leconomiste-qui-veut-taxer-les-ultrariches-20251001_Z5H7R2GPOFEP3KSC2AREIEQZGI\/\" target=\"_blank\" rel=\"noreferrer noopener\" title=\"https:\/\/www.liberation.fr\/economie\/gabriel-zucman-enquete-sur-leconomiste-qui-veut-taxer-les-ultrariches-20251001_Z5H7R2GPOFEP3KSC2AREIEQZGI\/\">Gabriel Zucman<\/a>, figurait parmi les favoris, pour ses travaux autour de la taxe qui porte son nom, proposant <a href=\"https:\/\/www.liberation.fr\/economie\/impot-sur-les-ultrariches-la-taxe-zucman-en-six-questions-20250911_W54LZ6RL5VEMJMV3HT5UG2JQFQ\/\" target=\"_blank\" rel=\"noreferrer noopener\" title=\"https:\/\/www.liberation.fr\/economie\/impot-sur-les-ultrariches-la-taxe-zucman-en-six-questions-20250911_W54LZ6RL5VEMJMV3HT5UG2JQFQ\/\">un imp\u00f4t sur les ultrariches<\/a>. Un signe penchait en sa faveur : en 2023, il \u00e9tait d\u00e9cor\u00e9 par la m\u00e9daille John Bates Clark, souvent consid\u00e9r\u00e9e comme annonciatrice du Nobel, 17 % des laur\u00e9ats en \u00e9tant r\u00e9compens\u00e9s. Certains observateurs alertaient n\u00e9anmoins sur sa notori\u00e9t\u00e9 croissante, qui pourrait rebuter le jury. <\/p>\n<p class=\"sc-cPiKLX AiZTS text-element\">Parmi les autres candidats, les experts mettaient en avant la Belge Marianne Bertrand, sp\u00e9cialiste des discriminations. Un trio de chercheurs \u00e9tait aussi annonc\u00e9 comme favori, compos\u00e9 du Suisse Ernst Fehr \u2013 sp\u00e9cialis\u00e9 dans l\u2019\u00e9conomie comportementale et la neuro-\u00e9conomie \u2013 et des Am\u00e9ricains George Loewenstein et Colin Camerer. Les travaux du Japonais Nobuhiro Kiyotaki et du Britannique John H. Moore, portant sur les frictions financi\u00e8res sur les cycles \u00e9conomiques, figuraient aussi en bonne place. L\u2019Am\u00e9ricain Robert Barro \u00e9tait lui cit\u00e9 pour ses recherches sur la croissance.<\/p>\n<p class=\"sc-cPiKLX AiZTS text-element\">Si le prix est g\u00e9n\u00e9ralement attribu\u00e9 de fa\u00e7on coll\u00e9giale, le choix des laur\u00e9ats est r\u00e9guli\u00e8rement critiqu\u00e9. Les distinctions honorent tr\u00e8s majoritairement des \u00e9conomistes dits \u00aborthodoxes\u00bb, soit lib\u00e9raux et \u00e9tatsuniens : depuis la cr\u00e9ation du prix en 1969, sur les 96 personnes laur\u00e9ates, plus de la moiti\u00e9 viennent des Etats-Unis, soit 64 % des prix attribu\u00e9s.<\/p>\n<p class=\"sc-cPiKLX AiZTS text-element\">Seul \u00e0 ne pas avoir \u00e9t\u00e9 pr\u00e9vu dans le testament d\u2019Alfred Nobel, le prix d\u2019\u00e9conomie a \u00e9t\u00e9 cr\u00e9\u00e9 \u00e0 l\u2019occasion de son 300e anniversaire par la Banque centrale su\u00e9doise, \u00ab\u00e0 la m\u00e9moire\u00bb de l\u2019inventeur. Il s\u2019est ajout\u00e9 aux cinq traditionnelles r\u00e9compenses (<a href=\"https:\/\/www.liberation.fr\/societe\/sante\/prix-nobel-de-medecine-2025-mary-e-brunkow-fred-ramsdell-et-shimon-sakaguchi-recompenses-pour-leurs-travaux-en-immunologie-20251006_VP3LGCXO7ZCJVDRSZTQGVWB2XI\/?redirected=1\" target=\"_blank\" rel=\"noreferrer noopener\" title=\"https:\/\/www.liberation.fr\/societe\/sante\/prix-nobel-de-medecine-2025-mary-e-brunkow-fred-ramsdell-et-shimon-sakaguchi-recompenses-pour-leurs-travaux-en-immunologie-20251006_VP3LGCXO7ZCJVDRSZTQGVWB2XI\/?redirected=1\">m\u00e9decine<\/a>, <a href=\"https:\/\/www.liberation.fr\/sciences\/prix-nobel-de-physique-2025-deux-americains-et-un-francais-recompenses-pour-leurs-travaux-en-mecanique-quantique-20251007_DUN3R57IZVDBZCEE7OIQDUXFSI\/\" target=\"_blank\" rel=\"noreferrer noopener\" title=\"https:\/\/www.liberation.fr\/sciences\/prix-nobel-de-physique-2025-deux-americains-et-un-francais-recompenses-pour-leurs-travaux-en-mecanique-quantique-20251007_DUN3R57IZVDBZCEE7OIQDUXFSI\/\">physique<\/a>, <a href=\"https:\/\/www.liberation.fr\/sciences\/prix-nobel-de-chimie-2025-un-japonais-un-britannique-et-un-jordanien-recompenses-pour-leur-creation-des-reseaux-metallo-organiques-20251008_QBCESHVBNRD2VASLKSSWJYRGNM\/\" target=\"_blank\" rel=\"noreferrer noopener\" title=\"https:\/\/www.liberation.fr\/sciences\/prix-nobel-de-chimie-2025-un-japonais-un-britannique-et-un-jordanien-recompenses-pour-leur-creation-des-reseaux-metallo-organiques-20251008_QBCESHVBNRD2VASLKSSWJYRGNM\/\">chimie<\/a>, <a href=\"https:\/\/www.liberation.fr\/culture\/livres\/prix-nobel-de-litterature-2025-le-hongrois-laszlo-krasznahorkai-recompense-20251009_UGHJMD4RPRCFHNCBDCZ5H77SVE\/\" target=\"_blank\" rel=\"noreferrer noopener\" title=\"https:\/\/www.liberation.fr\/culture\/livres\/prix-nobel-de-litterature-2025-le-hongrois-laszlo-krasznahorkai-recompense-20251009_UGHJMD4RPRCFHNCBDCZ5H77SVE\/\">litt\u00e9rature<\/a> et <a href=\"https:\/\/www.liberation.fr\/international\/europe\/prix-nobel-de-la-paix-maria-corina-machado-recompensee-20251010_GVENJRZFLZCFFE7E44JWDATMBE\/\" target=\"_blank\" rel=\"noreferrer noopener\" title=\"https:\/\/www.liberation.fr\/international\/europe\/prix-nobel-de-la-paix-maria-corina-machado-recompensee-20251010_GVENJRZFLZCFFE7E44JWDATMBE\/\">paix<\/a>), lui valant chez ses d\u00e9tracteurs le sobriquet de \u00abfaux Nobel\u00bb. <\/p>\n<p class=\"sc-cPiKLX AiZTS text-element\">Il suit n\u00e9anmoins les m\u00eames r\u00e8gles que les autres prix de l\u2019institution : comme les r\u00e9compenses de physique et de chimie, il est d\u00e9cern\u00e9 par l\u2019Acad\u00e9mie royale des sciences de Su\u00e8de. D\u00e8s l\u2019ann\u00e9e 1995, le champ d\u2019application du prix a \u00e9t\u00e9 \u00e9tendu aux sciences politiques, la sociologie ou encore la psychologie, en r\u00e9ponse aux critiques. La composition du comit\u00e9 de s\u00e9lection a aussi \u00e9t\u00e9 assouplie : deux non-\u00e9conomistes doivent si\u00e9ger parmi les membres.<\/p>\n<p class=\"sc-cPiKLX AiZTS text-element\">En plus de la reconnaissance symbolique conf\u00e9r\u00e9e par la distinction, les laur\u00e9ats re\u00e7oivent un ch\u00e8que de 11 millions de couronnes norv\u00e9giennes, soit quasiment un million d\u2019euros \u2013 \u00e0 partager en cas de multiples gagnants comme cette ann\u00e9e.<\/p>\n<p class=\"sc-cPiKLX AiZTS text-element\"><b>Mise \u00e0 jour <\/b>\u00e0 12 h 35 avec davantage de contexte. <\/p>\n","protected":false},"excerpt":{"rendered":"\u00abLe prix de cette ann\u00e9e concerne la cr\u00e9ation et la destruction\u00bb, a d\u00e9clar\u00e9 le pr\u00e9sident de la Fondation&hellip;\n","protected":false},"author":2,"featured_media":459915,"comment_status":"","ping_status":"","sticky":false,"template":"","format":"standard","meta":{"footnotes":""},"categories":[2],"tags":[11,1011,27,12,33226,25],"class_list":{"0":"post-459914","1":"post","2":"type-post","3":"status-publish","4":"format-standard","5":"has-post-thumbnail","7":"category-actualites","8":"tag-actualites","9":"tag-fr","10":"tag-france","11":"tag-news","12":"tag-prix-nobel","13":"tag-republique-francaise"},"share_on_mastodon":{"url":"https:\/\/pubeurope.com\/@fr\/115367030609484491","error":""},"_links":{"self":[{"href":"https:\/\/www.europesays.com\/fr\/wp-json\/wp\/v2\/posts\/459914","targetHints":{"allow":["GET"]}}],"collection":[{"href":"https:\/\/www.europesays.com\/fr\/wp-json\/wp\/v2\/posts"}],"about":[{"href":"https:\/\/www.europesays.com\/fr\/wp-json\/wp\/v2\/types\/post"}],"author":[{"embeddable":true,"href":"https:\/\/www.europesays.com\/fr\/wp-json\/wp\/v2\/users\/2"}],"replies":[{"embeddable":true,"href":"https:\/\/www.europesays.com\/fr\/wp-json\/wp\/v2\/comments?post=459914"}],"version-history":[{"count":0,"href":"https:\/\/www.europesays.com\/fr\/wp-json\/wp\/v2\/posts\/459914\/revisions"}],"wp:featuredmedia":[{"embeddable":true,"href":"https:\/\/www.europesays.com\/fr\/wp-json\/wp\/v2\/media\/459915"}],"wp:attachment":[{"href":"https:\/\/www.europesays.com\/fr\/wp-json\/wp\/v2\/media?parent=459914"}],"wp:term":[{"taxonomy":"category","embeddable":true,"href":"https:\/\/www.europesays.com\/fr\/wp-json\/wp\/v2\/categories?post=459914"},{"taxonomy":"post_tag","embeddable":true,"href":"https:\/\/www.europesays.com\/fr\/wp-json\/wp\/v2\/tags?post=459914"}],"curies":[{"name":"wp","href":"https:\/\/api.w.org\/{rel}","templated":true}]}}