{"id":459920,"date":"2025-10-13T13:16:18","date_gmt":"2025-10-13T13:16:18","guid":{"rendered":"https:\/\/www.europesays.com\/fr\/459920\/"},"modified":"2025-10-13T13:16:18","modified_gmt":"2025-10-13T13:16:18","slug":"atp-shanghai-djokovic-na-pas-connu-un-seul-match-sans-probleme-physique-mais-ce-qui-merite-detre-souligne-cest-quil-a-atteint-les-demi-finales-et-na-pas-abandonne-fait-remarquer-jose-moro","status":"publish","type":"post","link":"https:\/\/www.europesays.com\/fr\/459920\/","title":{"rendered":"ATP &#8211; Shanghai > \u00ab\u00a0Djokovic n&rsquo;a pas connu un seul match sans probl\u00e8me physique mais ce qui m\u00e9rite d&rsquo;\u00eatre soulign\u00e9, c&rsquo;est qu&rsquo;il a atteint les demi-finales et n&rsquo;a pas abandonn\u00e9\u00a0\u00bb, fait remarquer Jos\u00e9 Moron"},"content":{"rendered":"<p>Le jour\u00adna\u00adliste espa\u00adgnol Jos\u00e9 Moron a dress\u00e9 le bilan des deux semaines de Novak Djokovic \u00e0 Shanghai, o\u00f9 il s\u2019est inclin\u00e9 face au Mon\u00e9gasque Valentin Vacherot apr\u00e8s avoir souf\u00adfert des condi\u00adtions de jeu parti\u00adcu\u00adli\u00e8\u00adre\u00adment \u00e9prou\u00advantes tout au long du tournoi.\u00a0<\/p>\n<blockquote class=\"twitter-tweet\" data-width=\"550\" data-dnt=\"true\">\n<p lang=\"es\" dir=\"ltr\">Semana de sufri\u00admiento para Djokovic en Shanghai, donde no ha habido partido donde haya tenido alg\u00fan problema.<\/p>\n<p>Su cuerpo, a los 38 a\u00f1os, le habla despu\u00e9s de los m\u00e1s de 20 a\u00f1os de carrera.<\/p>\n<p>Pese a no haber podido rendir a su mejor nivel, lleg\u00f3 a semis y no se retir\u00f3. Para valorar. <a href=\"https:\/\/t.co\/CVTvANzNfu\" data-wpel-link=\"external\" target=\"_blank\" rel=\"nofollow external noopener\">pic.twitter.com\/CVTvANzNfu<\/a><\/p>\n<p>\u2014 Jos\u00e9 Mor\u00f3n (@jmgmoron) <a href=\"https:\/\/twitter.com\/jmgmoron\/status\/1976958825954758691?ref_src=twsrc%5Etfw\" data-wpel-link=\"external\" target=\"_blank\" rel=\"nofollow external noopener\">October 11,\u00a02025<\/a><\/p><\/blockquote>\n<p><strong>\u00ab\u202fSemaine diffi\u00adcile pour Djokovic \u00e0 Shanghai, o\u00f9 il n\u2019a pas connu un seul match sans probl\u00e8me physique. \u00c0 38 ans, son corps lui fait sentir les effets de plus de 20 ans de carri\u00e8re. Bien qu\u2019il n\u2019ait pas pu donner le meilleur de lui\u2010m\u00eame, il a atteint les demi\u2010finales et n\u2019a pas aban\u00addonn\u00e9. Cela m\u00e9rite d\u2019\u00eatre soulign\u00e9.\u202f\u00bb<\/strong><\/p>\n<p class=\"post-published-date\" style=\"color: silver; font-size: 75%; text-align: left;\">Publi\u00e9 le lundi 13 octobre 2025 \u00e0 13:25<\/p>\n<p><script async src=\"https:\/\/platform.twitter.com\/widgets.js\" charset=\"utf-8\"><\/script><\/p>\n","protected":false},"excerpt":{"rendered":"Le jour\u00adna\u00adliste espa\u00adgnol Jos\u00e9 Moron a dress\u00e9 le bilan des deux semaines de Novak Djokovic \u00e0 Shanghai, o\u00f9&hellip;\n","protected":false},"author":2,"featured_media":459921,"comment_status":"","ping_status":"","sticky":false,"template":"","format":"standard","meta":{"footnotes":""},"categories":[1415],"tags":[105,1011,27,60,1467],"class_list":{"0":"post-459920","1":"post","2":"type-post","3":"status-publish","4":"format-standard","5":"has-post-thumbnail","7":"category-tennis","8":"tag-djokovic","9":"tag-fr","10":"tag-france","11":"tag-sports","12":"tag-tennis"},"share_on_mastodon":{"url":"https:\/\/pubeurope.com\/@fr\/115367050097125076","error":""},"_links":{"self":[{"href":"https:\/\/www.europesays.com\/fr\/wp-json\/wp\/v2\/posts\/459920","targetHints":{"allow":["GET"]}}],"collection":[{"href":"https:\/\/www.europesays.com\/fr\/wp-json\/wp\/v2\/posts"}],"about":[{"href":"https:\/\/www.europesays.com\/fr\/wp-json\/wp\/v2\/types\/post"}],"author":[{"embeddable":true,"href":"https:\/\/www.europesays.com\/fr\/wp-json\/wp\/v2\/users\/2"}],"replies":[{"embeddable":true,"href":"https:\/\/www.europesays.com\/fr\/wp-json\/wp\/v2\/comments?post=459920"}],"version-history":[{"count":0,"href":"https:\/\/www.europesays.com\/fr\/wp-json\/wp\/v2\/posts\/459920\/revisions"}],"wp:featuredmedia":[{"embeddable":true,"href":"https:\/\/www.europesays.com\/fr\/wp-json\/wp\/v2\/media\/459921"}],"wp:attachment":[{"href":"https:\/\/www.europesays.com\/fr\/wp-json\/wp\/v2\/media?parent=459920"}],"wp:term":[{"taxonomy":"category","embeddable":true,"href":"https:\/\/www.europesays.com\/fr\/wp-json\/wp\/v2\/categories?post=459920"},{"taxonomy":"post_tag","embeddable":true,"href":"https:\/\/www.europesays.com\/fr\/wp-json\/wp\/v2\/tags?post=459920"}],"curies":[{"name":"wp","href":"https:\/\/api.w.org\/{rel}","templated":true}]}}