{"id":459926,"date":"2025-10-13T13:20:14","date_gmt":"2025-10-13T13:20:14","guid":{"rendered":"https:\/\/www.europesays.com\/fr\/459926\/"},"modified":"2025-10-13T13:20:14","modified_gmt":"2025-10-13T13:20:14","slug":"jean-christophe-peraud-arrive-a-la-ffc-actualite","status":"publish","type":"post","link":"https:\/\/www.europesays.com\/fr\/459926\/","title":{"rendered":"Jean-Christophe P\u00e9raud arrive \u00e0 la FFC &#8211; Actualit\u00e9"},"content":{"rendered":"<p style=\"text-align: justify;\">La F\u00e9d\u00e9ration fran\u00e7aise de cyclisme annonce l&rsquo;arriv\u00e9e de Jean-Christophe P\u00e9raud. Le 2e du Tour de France 2014 sera charg\u00e9 de l&rsquo;optimisation de la performance et de la recherche, au poste de manager. Le vice-Champion olympique de VTT de P\u00e9kin est ing\u00e9nieur dipl\u00f4m\u00e9 de l&rsquo;INSA de Lyon. Apr\u00e8s l&rsquo;arr\u00eat de sa carri\u00e8re en 2016, l&rsquo;ancien coureur de 48 ans a travaill\u00e9 pour l&rsquo;UCI comme manager mat\u00e9riel et lutte contre la fraude technologique \u00e0 partir de novembre 2017. <a href=\"https:\/\/www.directvelo.com\/actualite\/82511\/luci-se-separe-de-jean-christophe-peraud\" target=\"_blank\" rel=\"noopener\"><strong>Sa mission avait pris fin avec la crise du Covid en 2020<\/strong><\/a>, apr\u00e8s deux ans et demi.<\/p>\n<p>Le Champion de France contre-la-montre 2009 avait d\u00e9j\u00e0 failli travailler pour la FFC. En 2017, Jean-Christophe P\u00e9raud \u00e9tait pressenti pour\u00a0bosser en tandem avec Cyrille Guimard <a href=\"https:\/\/www.directvelo.com\/actualite\/55957\/equipe-de-france-peraud-favori\" target=\"_blank\" rel=\"noopener\"><strong>comme s\u00e9lectionneur de l&rsquo;\u00e9quipe de France<\/strong><\/a>\u00a0mais l&rsquo;affaire ne s&rsquo;\u00e9tait pas faite. Avant les Jeux olympiques, il avait travaill\u00e9 pour la FFC dans le cadre du projet \u00ab\u00a0THPCA\u00a0\u00bb, en fran\u00e7ais \u00ab\u00a0Tr\u00e8s haute performance en cyclisme et en aviron\u00a0\u00bb.<\/p>\n<p>Jusqu&rsquo;\u00e0 l&rsquo;an dernier et les JO de Paris 2024, Emmanuel Brunet occupait le poste de manager recherche et performance \u00e0 la FFC. Il a quitt\u00e9 la f\u00e9d\u00e9ration pour rejoindre l&rsquo;UCI pour travailler sur l&rsquo;\u00e9quipement.<\/p>\n","protected":false},"excerpt":{"rendered":"La F\u00e9d\u00e9ration fran\u00e7aise de cyclisme annonce l&rsquo;arriv\u00e9e de Jean-Christophe P\u00e9raud. Le 2e du Tour de France 2014 sera&hellip;\n","protected":false},"author":2,"featured_media":459927,"comment_status":"","ping_status":"","sticky":false,"template":"","format":"standard","meta":{"footnotes":""},"categories":[1411],"tags":[834,828,836,829,837,827,83,826,824,823,1154,207,814,817,815,816,822,821,832,211,839,1011,27,820,818,819,835,831,830,833,838,60,212,208,825],"class_list":{"0":"post-459926","1":"post","2":"type-post","3":"status-publish","4":"format-standard","5":"has-post-thumbnail","7":"category-cyclisme","8":"tag-attaque","9":"tag-belgique","10":"tag-braquet","11":"tag-bretagne","12":"tag-chute","13":"tag-competition","14":"tag-coupe-de-france","15":"tag-coureur","16":"tag-course-cyclisme","17":"tag-course-cycliste","18":"tag-cycling","19":"tag-cyclisme","20":"tag-direct","21":"tag-direct-velo","22":"tag-directvelo","23":"tag-directvelo-com","24":"tag-epreuve","25":"tag-epreuve-cycliste","26":"tag-federation-francaise-de-cyclisme","27":"tag-ffc","28":"tag-flandres","29":"tag-fr","30":"tag-france","31":"tag-live","32":"tag-live-course","33":"tag-live-epreuve","34":"tag-peloton","35":"tag-radio-peloton","36":"tag-radio-tour","37":"tag-ravitaillement","38":"tag-relance","39":"tag-sports","40":"tag-uci","41":"tag-velo","42":"tag-velos"},"share_on_mastodon":{"url":"https:\/\/pubeurope.com\/@fr\/115367065987914792","error":""},"_links":{"self":[{"href":"https:\/\/www.europesays.com\/fr\/wp-json\/wp\/v2\/posts\/459926","targetHints":{"allow":["GET"]}}],"collection":[{"href":"https:\/\/www.europesays.com\/fr\/wp-json\/wp\/v2\/posts"}],"about":[{"href":"https:\/\/www.europesays.com\/fr\/wp-json\/wp\/v2\/types\/post"}],"author":[{"embeddable":true,"href":"https:\/\/www.europesays.com\/fr\/wp-json\/wp\/v2\/users\/2"}],"replies":[{"embeddable":true,"href":"https:\/\/www.europesays.com\/fr\/wp-json\/wp\/v2\/comments?post=459926"}],"version-history":[{"count":0,"href":"https:\/\/www.europesays.com\/fr\/wp-json\/wp\/v2\/posts\/459926\/revisions"}],"wp:featuredmedia":[{"embeddable":true,"href":"https:\/\/www.europesays.com\/fr\/wp-json\/wp\/v2\/media\/459927"}],"wp:attachment":[{"href":"https:\/\/www.europesays.com\/fr\/wp-json\/wp\/v2\/media?parent=459926"}],"wp:term":[{"taxonomy":"category","embeddable":true,"href":"https:\/\/www.europesays.com\/fr\/wp-json\/wp\/v2\/categories?post=459926"},{"taxonomy":"post_tag","embeddable":true,"href":"https:\/\/www.europesays.com\/fr\/wp-json\/wp\/v2\/tags?post=459926"}],"curies":[{"name":"wp","href":"https:\/\/api.w.org\/{rel}","templated":true}]}}