{"id":459932,"date":"2025-10-13T13:23:29","date_gmt":"2025-10-13T13:23:29","guid":{"rendered":"https:\/\/www.europesays.com\/fr\/459932\/"},"modified":"2025-10-13T13:23:29","modified_gmt":"2025-10-13T13:23:29","slug":"val-doise-le-photographe-de-rue-sebastien-hirsch-dans-les-pas-de-robert-doisneau-et-henri-cartier-bresson","status":"publish","type":"post","link":"https:\/\/www.europesays.com\/fr\/459932\/","title":{"rendered":"Val-d&rsquo;Oise. Le photographe de rue S\u00e9bastien Hirsch dans les pas de Robert Doisneau et Henri Cartier-Bresson"},"content":{"rendered":"<p>            Par<br \/>\n        <strong><br \/>\n            <a href=\"https:\/\/actu.fr\/auteur\/dchollet\" title=\"Consulter tous les articles de Daniel Chollet\" target=\"_blank\" rel=\"noopener\">Daniel Chollet<\/a><br \/>\n        <\/strong><\/p>\n<p>        Publi\u00e9 le<\/p>\n<p>            12 oct. 2025 \u00e0 16h30        <\/p>\n<p>Professeur d\u2019Eps au <a href=\"https:\/\/clg-sklodowska-curie-plessisbouchard.ac-versailles.fr\/\" target=\"_blank\" rel=\"noopener\">coll\u00e8ge Marie-Sklodowska-Curie<\/a> du Plessis-Bouchard, il a la photo de rue comme passion.<\/p>\n<p class=\" wall-content\">Photographe amateur depuis vingt ans, <b>S\u00e9bastien Hirsch <\/b>a commenc\u00e9 \u00e0 s\u2019attaquer \u00e0 la \u00ab\u00a0street photography\u00a0\u00bb\u00a0(la photo de rue en anglais) depuis 3-4 ans.<\/p>\n<p class=\" wall-content\">S\u2019inspirant de Robert Doisneau ou Henri Cartier-Bresson, immenses noms de la discipline, cet artiste de 48 ans qui habite au <a href=\"https:\/\/actu.fr\/ile-de-france\/le-plessis-bouchard_95491\" target=\"_blank\" rel=\"noopener\">Plessis Bouchard<\/a> (<a href=\"https:\/\/actu.fr\/la-gazette-du-val-d-oise\/\" target=\"_blank\" rel=\"noopener\">Val-d\u2019Oise<\/a>), sillonne des quartiers de Paris \u00e0 la recherche du clich\u00e9 qui fait mouche.<\/p>\n<p>Nikon z7<\/p>\n<p class=\" wall-content\">Arm\u00e9 de son Nikon z7 et de son objectif 26mm, le quadrag\u00e9naire saisit l\u2019instant magique. Il sillonne les rues autour de la gare Saint-Lazare, Op\u00e9ra, Le Louvre, parfois Saint-Germain-des-Pr\u00e9s.<\/p>\n<p>\u00ab\u00a0C\u2019est vraiment spontan\u00e9\u00a0\u00bb<\/p>\n<p class=\" wall-content\">Photographe de l\u2019instant, il saisit les gens dans leur quotidien. Rien n\u2019est mis en sc\u00e8ne. \u00ab\u00a0C\u2019est vraiment spontan\u00e9\u00a0\u00bb, dit-il.<\/p>\n<blockquote class=\"ac-article-quote wall-content\">\n<p>\u00ab\u00a0C\u2019est la silhouette qui m\u2019attire, la sc\u00e8ne de rue. Quand je vois 3 ou 4 personnes qui font une activit\u00e9, \u00e7a raconte une histoire, l\u2019histoire de la rue\u00a0\u00bb.<\/p>\n<\/blockquote>\n<p>Vid\u00e9os : en ce moment sur ActuInspir\u00e9 par la Renaissance et Le Caravage<\/p>\n<p class=\" wall-content\">S\u00e9bastien aime en particulier les \u00ab\u00a0clairs obscurs de la Renaissance, comme Le Caravage. Je m\u2019en inspire pour mes photos\u00a0\u00bb. Ses clich\u00e9s ne sont quasiment pas retravaill\u00e9s.<\/p>\n<p>    <img   decoding=\"async\" loading=\"lazy\" class=\"size-large\" src=\"https:\/\/www.europesays.com\/fr\/wp-content\/uploads\/2025\/10\/95fdcdf88ed861bfdcdf88ed8820ecv-682x640.jpg\" alt=\"S\u00e9bastien Hirsch.\" width=\"682\" height=\"640\"\/><br \/>\n    S\u00e9bastien Hirsch et son Nikon z7. \u00a9DR.<\/p>\n<p>Votre r\u00e9gion, votre actu !<\/p>\n<p>Recevez chaque jour les infos qui comptent pour vous.<\/p>\n<p>\t<a href=\"https:\/\/actu.fr\/newsletter\" class=\"ac-btn ac-btn--corner ac-btn--medium ac-btn--blue800\" target=\"_blank\" rel=\"noopener\">S&rsquo;incrire<\/a><br \/>\nIl est discret<\/p>\n<p class=\" wall-content\">Le photographe sait se faire discret. On ne le voit pas forc\u00e9ment d\u00e9clencher son obturateur. Les gens ne savent pas forc\u00e9ment qu\u2019ils sont pris en photo. Mais alors, pas de souci de droit \u00e0 l\u2019image ? \u00ab\u00a0Non, car on a le droit de photographier des gens dans la rue si on ne porte pas atteinte \u00e0 leur image, si la photo n\u2019est pas d\u00e9gradante. C\u2019est le droit artistique ou droit du photographe. Je n\u2019ai jamais eu de souci, les gens ne me demandent rien. Sur le plan juridique je suis aid\u00e9 car je fais partie d\u2019un collectif de photographes de rue\u00a0\u00bb.<\/p>\n<p>Il a re\u00e7u plusieurs prix<\/p>\n<p class=\" wall-content\">Il a \u00e9t\u00e9 parmi les premiers \u00e0 rejoindre le collectif Street photography France qui compte 750 membres. S\u00e9bastien Hirsch a r\u00e9alis\u00e9 plusieurs expositions et salons dans le Val-d\u2019Oise. Il a obtenu le 2e prix aux Monochrome awards cat\u00e9gorie street en 2020 et r\u00e9cemment gagn\u00e9 un concours organis\u00e9 par le magazine R\u00e9ponses photo. L\u2019une de ses photos sera expos\u00e9e sur leur stand au prochain salon de la photo.<\/p>\n<p class=\" wall-content\">Le magazine sp\u00e9cialis\u00e9 publiera un article sur son livre dans leur num\u00e9ro d\u2019octobre. Une fiert\u00e9 pour celui qui participera au salon Street sans fronti\u00e8res en novembre \u00e0 Paris et \u00e0 l\u2019ouvrage Street photo Masters Vol1.<\/p>\n<p>Un photographe de l\u2019agence Magnum emball\u00e9<\/p>\n<blockquote class=\"ac-article-quote wall-content\">\n<p>\u00ab\u00a0Quand je travaillais sur la maquette de mon livre, j\u2019ai contact\u00e9 sur Instagram le photographe Harry Gruyaert (agence Magnum), un tr\u00e8s grand nom de la photographie en couleurs. Il a r\u00e9pondu \u00e0 mon message car mes photos lui plaisaient, m\u2019a appel\u00e9, et deux heures plus tard j\u2019\u00e9tais dans son atelier \u00e0 Paris. Nous nous sommes vus deux fois pour travailler sur mon livre (choix des images, agencement des pages).\u00a0\u00bb\u00a0<\/p>\n<\/blockquote>\n<p>Campagne de financement participatif<\/p>\n<p class=\" wall-content\">Auto\u00e9dit\u00e9, son livre En Lumi\u00e8re fait l\u2019objet d\u2019une campagne de financement participatif Ulule, jusqu\u2019au 30 octobre :\u00a0<\/p>\n<p class=\" wall-content\">(\u00ab\u00a0livre-street-photography-en-lumiere\u00a0\u00bb).<\/p>\n<p>Une cha\u00eene YouTube<\/p>\n<p class=\" wall-content\">S\u00e9bastien Hirsch a aussi lanc\u00e9 sa cha\u00eene YouTube il y a un an (S\u00e9bastien Hirsch street photography) dans laquelle il dispense entre autres des cours de photo.<\/p>\n<p>    <a href=\"https:\/\/www.youtube.com\/embed\/Mdv6yR2Qk0E\" title=\"Ouvrie le lien\" target=\"_blank\" rel=\"noopener\">Cliquez ici pour visualiser le contenu<\/a><\/p>\n<p class=\" wall-content\">.<\/p>\n<p><a href=\"http:\/\/shirsch.netfolio.net\/\" target=\"_blank\" rel=\"noopener\">http:\/\/sebastienhirsch.com<\/a><\/p>\n<p class=\" wall-content\">Personnalisez votre actualit\u00e9 en ajoutant vos villes et m\u00e9dias en favori avec <a href=\"https:\/\/moncompte.actu.fr\" title=\"D\u00e9couvez Mon Actu\" rel=\"nofollow noopener\" data-trk=\"{&quot;cta&quot;:{&quot;action&quot;:&quot;https:\\\/\\\/moncompte.actu.fr&quot;,&quot;category&quot;:&quot;mon compte&quot;,&quot;from&quot;:&quot;article footer&quot;,&quot;name&quot;:&quot;Mon actu&quot;,&quot;type&quot;:&quot;cta&quot;}}\" target=\"_blank\">Mon Actu<\/a>.<\/p>\n","protected":false},"excerpt":{"rendered":"Par Daniel Chollet Publi\u00e9 le 12 oct. 2025 \u00e0 16h30 Professeur d\u2019Eps au coll\u00e8ge Marie-Sklodowska-Curie du Plessis-Bouchard, il&hellip;\n","protected":false},"author":2,"featured_media":459933,"comment_status":"","ping_status":"","sticky":false,"template":"","format":"standard","meta":{"footnotes":""},"categories":[1358],"tags":[1348,1384,1385,1386,58,59,1011,27,1756,104],"class_list":{"0":"post-459932","1":"post","2":"type-post","3":"status-publish","4":"format-standard","5":"has-post-thumbnail","7":"category-arts-et-design","8":"tag-arts","9":"tag-arts-and-design","10":"tag-arts-et-design","11":"tag-design","12":"tag-divertissement","13":"tag-entertainment","14":"tag-fr","15":"tag-france","16":"tag-photographie","17":"tag-societe"},"share_on_mastodon":{"url":"https:\/\/pubeurope.com\/@fr\/115367078424710072","error":""},"_links":{"self":[{"href":"https:\/\/www.europesays.com\/fr\/wp-json\/wp\/v2\/posts\/459932","targetHints":{"allow":["GET"]}}],"collection":[{"href":"https:\/\/www.europesays.com\/fr\/wp-json\/wp\/v2\/posts"}],"about":[{"href":"https:\/\/www.europesays.com\/fr\/wp-json\/wp\/v2\/types\/post"}],"author":[{"embeddable":true,"href":"https:\/\/www.europesays.com\/fr\/wp-json\/wp\/v2\/users\/2"}],"replies":[{"embeddable":true,"href":"https:\/\/www.europesays.com\/fr\/wp-json\/wp\/v2\/comments?post=459932"}],"version-history":[{"count":0,"href":"https:\/\/www.europesays.com\/fr\/wp-json\/wp\/v2\/posts\/459932\/revisions"}],"wp:featuredmedia":[{"embeddable":true,"href":"https:\/\/www.europesays.com\/fr\/wp-json\/wp\/v2\/media\/459933"}],"wp:attachment":[{"href":"https:\/\/www.europesays.com\/fr\/wp-json\/wp\/v2\/media?parent=459932"}],"wp:term":[{"taxonomy":"category","embeddable":true,"href":"https:\/\/www.europesays.com\/fr\/wp-json\/wp\/v2\/categories?post=459932"},{"taxonomy":"post_tag","embeddable":true,"href":"https:\/\/www.europesays.com\/fr\/wp-json\/wp\/v2\/tags?post=459932"}],"curies":[{"name":"wp","href":"https:\/\/api.w.org\/{rel}","templated":true}]}}