{"id":459942,"date":"2025-10-13T13:28:13","date_gmt":"2025-10-13T13:28:13","guid":{"rendered":"https:\/\/www.europesays.com\/fr\/459942\/"},"modified":"2025-10-13T13:28:13","modified_gmt":"2025-10-13T13:28:13","slug":"4-symptomes-du-variant-frankenstein-a-surveiller","status":"publish","type":"post","link":"https:\/\/www.europesays.com\/fr\/459942\/","title":{"rendered":"4 sympt\u00f4mes du variant Frankenstein \u00e0 surveiller"},"content":{"rendered":"<p class=\"post-excerpt\">Un nouveau variant du Covid-19, surnomm\u00e9<br \/>\n\u00ab\u00a0Frankenstein\u00a0\u00bb, fait parler de lui depuis la rentr\u00e9e. Tr\u00e8s<br \/>\ncontagieux et souvent confondu avec une simple grippe, il<br \/>\nprovoquerait pourtant des signes bien pr\u00e9cis. Un m\u00e9decin<br \/>\nbritannique alerte sur quatre sympt\u00f4mes qui doivent pousser \u00e0<br \/>\nconsulter sans attendre.<\/p>\n<p data-start=\"533\" data-end=\"1655\">Depuis quelques semaines, le<br \/>\n<a href=\"https:\/\/www.aufeminin.com\/forme\/sante-femme\/covid-19-consultez-urgence-symptome-inattendu-variant-frankenstein-alerte-medecin-2666183.html\" target=\"_blank\" rel=\"noopener\"><br \/>\n<strong data-start=\"562\" data-end=\"574\">Covid-19<\/strong><\/a> fait<br \/>\nson grand retour en <strong data-start=\"600\" data-end=\"610\">France<\/strong>, port\u00e9 par <a href=\"https:\/\/www.aufeminin.com\/societe\/sante-femme-societe\/coronavirus\/covid-19-le-variant-frankenstein-explose-ce-medecin-vous-supplie-de-faire-ces-3-choses-pour-ne-pas-etre-contamine-2664623.html\" target=\"_blank\" rel=\"noopener\"><br \/>\n<strong>deux nouveaux variants<\/strong><\/a> : le<br \/>\n<strong data-start=\"650\" data-end=\"667\">XFG (Stratus)<\/strong> et<br \/>\nle <strong data-start=\"674\" data-end=\"695\">NB.1.8.1<br \/>\n(Nimbus)<\/strong>. Le premier, surnomm\u00e9 \u00e9galement <a href=\"https:\/\/www.aufeminin.com\/societe\/sante-femme-societe\/coronavirus\/covid-19-le-variant-frankenstein-est-le-pire-que-jai-eu-voici-le-symptome-insoupconne-qui-ma-cause-une-douleur-atroce-2665798.html\" target=\"_blank\" rel=\"noopener\"><br \/>\n<strong data-start=\"718\" data-end=\"742\">variant<br \/>\nFrankenstein<\/strong><\/a>, fait beaucoup parler de lui ces<br \/>\nderni\u00e8res semaines. Ce descendant direct d\u2019<strong data-start=\"812\" data-end=\"823\">Omicron<\/strong> est en r\u00e9alit\u00e9 une<br \/>\n<strong data-start=\"843\" data-end=\"893\">mutation hybride de deux<br \/>\nsouches du SARS-CoV-2<\/strong>. R\u00e9sultat : il est <a href=\"https:\/\/www.aufeminin.com\/societe\/sante-femme-societe\/coronavirus\/covid-19-vous-pensez-avoir-les-symptomes-du-variant-frankenstein-ces-3-choses-a-faire-durgence-selon-les-medecins-2664843.html\" target=\"_blank\" rel=\"noopener\"><br \/>\n<strong data-start=\"913\" data-end=\"932\">plus<br \/>\ncontagieux<\/strong><\/a> et <strong data-start=\"934\" data-end=\"972\">circule rapidement dans les foyers fran\u00e7ais.<\/strong><br \/>\nPourquoi ? Il\u00a0est notamment <strong data-start=\"976\" data-end=\"1018\">capable de contourner partiellement notre immunit\u00e9<\/strong>.<br \/>\nBonne nouvelle, il ne provoquerait pas plus de formes graves, mais<br \/>\nses <a href=\"https:\/\/www.aufeminin.com\/societe\/sante-femme-societe\/covid-19-le-variant-frankenstein-se-propage-voici-le-symptome-inhabituel-n1-que-la-plupart-des-gens-ignorent-2663468.html\" target=\"_blank\" rel=\"noopener\"><br \/>\n<strong data-start=\"1091\" data-end=\"1115\">sympt\u00f4mes<br \/>\nsinguliers<\/strong><\/a> peuvent passer inaper\u00e7us.<\/p>\n<p data-start=\"533\" data-end=\"1655\">Le <strong data-start=\"1145\" data-end=\"1167\">Dr Roger Henderson<\/strong>, un m\u00e9decin g\u00e9n\u00e9raliste<br \/>\nbritannique, tire aujourd\u2019hui la sonnette d\u2019alarme. Selon lui, ces<br \/>\n<a href=\"https:\/\/www.aufeminin.com\/societe\/sante-femme-societe\/covid-19-rhume-ou-grippe-ces-7-symptomes-du-variant-frankenstein-doivent-vous-alerter-il-est-tres-contagieux-2662946.html\" target=\"_blank\" rel=\"noopener\"><br \/>\n<strong data-start=\"1256\" data-end=\"1323\">signes \u00ab\u00a0tr\u00e8s similaires \u00e0<br \/>\nune mauvaise grippe ou un gros rhume\u00a0\u00bb<\/strong><\/a>\u00a0doivent<br \/>\n\u00eatre pris au s\u00e9rieux. Et surtout, quatre d\u2019entre eux doivent vous<br \/>\npousser \u00e0 <strong data-start=\"1385\" data-end=\"1427\">consulter un<br \/>\nm\u00e9decon imm\u00e9diatement<\/strong>. \u00ab\u00a0Il peut \u00eatre difficile de faire la<br \/>\ndiff\u00e9rence avec un simple rhume sans passer de test\u00a0\u00bb, explique-t-il<br \/>\n\u00e0 <a href=\"https:\/\/www.mylondon.news\/news\/health\/doctor-issues-covid-19-warning-32633109\" target=\"_blank\" rel=\"nofollow noopener\">MyLondon News<\/a>.<br \/>\nAlors, comment reconna\u00eetre les <strong data-start=\"1555\" data-end=\"1585\">signes qui doivent alerter<\/strong> ? Voici les <a href=\"https:\/\/www.aufeminin.com\/maman\/covid-19-enfant-presente-symptome-nuit-atteint-variant-frankenstein-2662914.html\" target=\"_blank\" rel=\"noopener\"><br \/>\n<strong data-start=\"1598\" data-end=\"1635\">quatre sympt\u00f4mes \u00e0 ne pas<br \/>\nignorer<\/strong><\/a> selon ce m\u00e9decin.<\/p>\n<p>Covid-19 : les 4 sympt\u00f4mes du<br \/>\nvariant Frankenstein \u00e0 ne pas ignorer<br \/>\n1. Des difficult\u00e9s \u00e0 respirer, le signe le plus alarmant<\/p>\n<p data-start=\"1725\" data-end=\"2602\">Parmi les <strong data-start=\"1735\" data-end=\"1772\">sympt\u00f4mes du variant Frankenstein<\/strong>,<br \/>\nun signe doit imm\u00e9diatement faire r\u00e9agir : <strong data-start=\"1817\" data-end=\"1847\">des difficult\u00e9s \u00e0 respirer<\/strong>. \u00ab\u00a0Si<br \/>\nvous avez du mal \u00e0 respirer, consultez sans tarder\u00a0\u00bb, insiste le Dr<br \/>\nRoger Henderson. Ce sympt\u00f4me peut traduire une <strong data-start=\"2008\" data-end=\"2044\">atteinte des voies respiratoires<\/strong>,<br \/>\nque le virus aggrave rapidement. Le m\u00e9decin rappelle que ce<br \/>\n<strong data-start=\"2106\" data-end=\"2129\">variant du<br \/>\nCovid-19<\/strong> provoque souvent des <strong data-start=\"2151\" data-end=\"2172\">toux persistantes<\/strong>, des <strong data-start=\"2178\" data-end=\"2197\">gorges irrit\u00e9es<\/strong> et des<br \/>\n<strong data-start=\"2205\" data-end=\"2222\">voix enrou\u00e9es<\/strong>,<br \/>\nmais qu\u2019un <strong>essoufflement inhabituel<\/strong> est \u00ab\u00a0le signal<br \/>\nle plus inqui\u00e9tant\u00a0\u00bb. Si respirer devient douloureux, si monter<br \/>\nquelques marches essouffle ou si l\u2019air semble manquer, il faut<br \/>\n<strong data-start=\"2401\" data-end=\"2439\">appeler un m\u00e9decin ou les<br \/>\nurgences<\/strong>. Ce <strong data-start=\"2444\" data-end=\"2473\">signe respiratoire majeur<\/strong> reste le premier<br \/>\nindicateur d\u2019une <strong data-start=\"2508\" data-end=\"2532\">\u00e9volution plus grave<\/strong> de la maladie, surtout chez<br \/>\nles personnes fragiles ou d\u00e9j\u00e0 malades.<\/p>\n<p>2. Une incapacit\u00e9 \u00e0 boire ou<br \/>\n\u00e0 s\u2019alimenter<\/p>\n<p data-start=\"2658\" data-end=\"3575\">Autre <strong data-start=\"2664\" data-end=\"2708\">sympt\u00f4me s\u00e9rieux du variant<br \/>\nFrankenstein<\/strong> : <strong data-start=\"2711\" data-end=\"2769\">ne plus pouvoir s\u2019hydrater ni s\u2019alimenter<br \/>\ncorrectement<\/strong>. \u00ab\u00a0Si vous ne pouvez pas garder les liquides<br \/>\nou manger normalement, il faut demander de l\u2019aide\u00a0\u00bb, alerte le Dr<br \/>\nHenderson. Cette <strong data-start=\"2901\" data-end=\"2949\">perte<br \/>\nd\u2019app\u00e9tit associ\u00e9e \u00e0 une forte fatigue<\/strong> est souvent<br \/>\nsous-estim\u00e9e. Pourtant, elle peut entra\u00eener <strong data-start=\"3006\" data-end=\"3035\">une d\u00e9shydratation rapide<\/strong> et<br \/>\n<strong data-start=\"3039\" data-end=\"3070\">aggraver l\u2019infection<br \/>\nvirale<\/strong>. Chez certaines personnes, notamment les<br \/>\n<strong data-start=\"3112\" data-end=\"3154\">personnes \u00e2g\u00e9es,<br \/>\nenceintes ou fragiles<\/strong>, cette difficult\u00e9 \u00e0 boire peut<br \/>\ndevenir un vrai danger. Le m\u00e9decin conseille de <strong data-start=\"3234\" data-end=\"3281\">surveiller les naus\u00e9es, les<br \/>\n\u00e9tourdissements<\/strong> ou <strong data-start=\"3285\" data-end=\"3304\">la bouche s\u00e8che<\/strong>. Si ces sympt\u00f4mes persistent plus<br \/>\nde 24 heures, mieux vaut <strong data-start=\"3364\" data-end=\"3391\">consulter sans attendre<\/strong>. Le corps a besoin de<br \/>\n<strong data-start=\"3414\" data-end=\"3450\">liquides pour combattre<br \/>\nle virus<\/strong>, rappelle le m\u00e9decin, qui pr\u00e9cise que m\u00eame \u00e0 la<br \/>\nmaison, \u00ab\u00a0il faut \u00e9couter son corps et ne pas minimiser ce type de<br \/>\nsignes\u00a0\u00bb.<\/p>\n<p><img loading=\"lazy\" decoding=\"async\" itemprop=\"thumbnailUrl\" class=\"size-large wp-image-2664860 img-responsive pinit-here\" src=\"https:\/\/www.europesays.com\/fr\/wp-content\/uploads\/2025\/10\/covid-19-vous-pensez-avoir-les-symptomes-du-variant-frankenstein-ces-3-choses-a-faire-durgence-selon.jpeg\" alt=\"&lt;p&gt;Covid-19 : \" je=\"\" suis=\"\" m=\"\" et=\"\" voici=\"\" sympt=\"\" du=\"\" variant=\"\" frankenstein=\"\" qui=\"\" doivent=\"\" vous=\"\" alerter=\"\" tout=\"\" de=\"\" suite=\"\"\/>&lsquo; width=\u00a0\u00bb1024&Prime; height=\u00a0\u00bb643&Prime; data-pin-media=\u00a0\u00bbhttps:\/\/sf1.afcdn.com\/wp-content\/uploads\/aufeminin\/2025\/10\/covid-19-vous-pensez-avoir-les-symptomes-du-variant-frankenstein-ces-3-choses-a-faire-durgence-selon-les-medecins&#8211;736&#215;462.jpg\u00a0\u00bb&gt;<br \/>\n\u00a9 Shutterstock<br \/>\n\/ Propos\u00e9e par PeopleImages<\/p>\n<p>3. Une confusion ou une<br \/>\ngrande faiblesse soudaine<\/p>\n<p data-start=\"3638\" data-end=\"4589\">Le <strong data-start=\"3641\" data-end=\"3665\">variant Frankenstein<\/strong> peut aussi provoquer<br \/>\ndes <strong data-start=\"3691\" data-end=\"3725\">troubles cognitifs<br \/>\ntemporaires<\/strong>. \u00ab\u00a0Si vous vous sentez tr\u00e8s faible ou confus,<br \/>\nconsultez sans attendre\u00a0\u00bb, avertit le Dr Roger Henderson. Ce<br \/>\n<strong>sympt\u00f4me<\/strong>, souvent n\u00e9glig\u00e9, signale que<br \/>\n<strong data-start=\"3874\" data-end=\"3923\">le corps lutte<br \/>\nintens\u00e9ment contre l\u2019infection<\/strong>. Il peut s\u2019agir d\u2019un<br \/>\n<strong data-start=\"3945\" data-end=\"3976\">d\u00e9s\u00e9quilibre<br \/>\n\u00e9lectrolytique<\/strong> li\u00e9 \u00e0 la fi\u00e8vre, \u00e0 la d\u00e9shydratation ou \u00e0<br \/>\nun manque d\u2019oxyg\u00e8ne. Cette <strong data-start=\"4046\" data-end=\"4067\">confusion mentale<\/strong>, accompagn\u00e9e d\u2019une<br \/>\n<strong data-start=\"4087\" data-end=\"4105\">grande fatigue<\/strong>,<br \/>\nappara\u00eet parfois apr\u00e8s quelques jours de sympt\u00f4mes b\u00e9nins. Ce<br \/>\nchangement soudain dans l\u2019\u00e9tat g\u00e9n\u00e9ral doit <strong data-start=\"4213\" data-end=\"4236\">alerter l\u2019entourage<\/strong>. \u00ab\u00a0Si vos<br \/>\nsympt\u00f4mes s\u2019aggravent brusquement apr\u00e8s plusieurs jours, n\u2019attendez<br \/>\npas\u00a0\u00bb, recommande le m\u00e9decin. Les <strong data-start=\"4344\" data-end=\"4363\">personnes \u00e2g\u00e9es<\/strong>, les <strong data-start=\"4369\" data-end=\"4380\">enfants<\/strong> et les <strong data-start=\"4388\" data-end=\"4432\">patients atteints de maladies<br \/>\nchroniques<\/strong> sont particuli\u00e8rement concern\u00e9s. Un<br \/>\n<strong data-start=\"4469\" data-end=\"4490\">brouillard<br \/>\nmental<\/strong>, une <strong data-start=\"4496\" data-end=\"4526\">difficult\u00e9 \u00e0 se concentrer<\/strong> ou \u00e0 <strong data-start=\"4532\" data-end=\"4550\">rester \u00e9veill\u00e9<\/strong> sont autant de<br \/>\n<strong data-start=\"4566\" data-end=\"4586\">signaux<br \/>\nd\u2019alerte<\/strong>.<\/p>\n<p>4. Une aggravation brutale<br \/>\napr\u00e8s quelques jours d\u2019am\u00e9lioration<\/p>\n<p data-start=\"4665\" data-end=\"5630\">Dernier signe \u00e0 surveiller de<br \/>\npr\u00e8s : <strong data-start=\"4702\" data-end=\"4763\">une aggravation<br \/>\nsoudaine apr\u00e8s une am\u00e9lioration apparente<\/strong>. Le Dr Henderson<br \/>\nobserve que certaines personnes atteintes du <strong data-start=\"4830\" data-end=\"4845\">variant XFG<\/strong> se sentent mieux au<br \/>\nbout de quelques jours, avant de rechuter brutalement. \u00ab\u00a0Si les<br \/>\nsympt\u00f4mes s\u2019aggravent apr\u00e8s une phase d\u2019am\u00e9lioration, il faut<br \/>\nconsulter rapidement\u00a0\u00bb, conseille-t-il. Cette rechute peut traduire<br \/>\nune <strong data-start=\"5062\" data-end=\"5088\">r\u00e9action<br \/>\ninflammatoire<\/strong> du corps face au virus, ou l\u2019apparition<br \/>\nd\u2019une <strong data-start=\"5135\" data-end=\"5163\">surinfection<br \/>\nbact\u00e9rienne<\/strong>. Fi\u00e8vre qui revient, toux qui empire, douleurs<br \/>\nthoraciques, fatigue extr\u00eame\u2026 Autant de signaux qui doivent pousser<br \/>\n\u00e0 <strong data-start=\"5281\" data-end=\"5321\">ne pas rester seul face<br \/>\n\u00e0 la maladie<\/strong>. M\u00eame si le <strong data-start=\"5334\" data-end=\"5358\">variant Frankenstein<\/strong> ressemble souvent \u00e0<br \/>\nun \u00ab\u00a0gros rhume\u00a0\u00bb, il reste impr\u00e9visible. \u00ab\u00a0Mieux vaut faire tester et<br \/>\nsurveiller l\u2019\u00e9volution\u00a0\u00bb, conclut le m\u00e9decin, qui rappelle que les<br \/>\n<strong data-start=\"5513\" data-end=\"5560\">autotests d\u00e9tectent bien<br \/>\nce nouveau variant<\/strong>, m\u00eame si un <strong data-start=\"5573\" data-end=\"5627\">test n\u00e9gatif ne garantit pas l\u2019absence<br \/>\nd\u2019infection<\/strong>.<\/p>\n","protected":false},"excerpt":{"rendered":"Un nouveau variant du Covid-19, surnomm\u00e9 \u00ab\u00a0Frankenstein\u00a0\u00bb, fait parler de lui depuis la rentr\u00e9e. Tr\u00e8s contagieux et souvent&hellip;\n","protected":false},"author":2,"featured_media":459943,"comment_status":"","ping_status":"","sticky":false,"template":"","format":"standard","meta":{"footnotes":""},"categories":[10],"tags":[58470,4400,1011,27,72,71,29765,5336],"class_list":{"0":"post-459942","1":"post","2":"type-post","3":"status-publish","4":"format-standard","5":"has-post-thumbnail","7":"category-sante","8":"tag-appeler-le-medecin","9":"tag-covid","10":"tag-fr","11":"tag-france","12":"tag-health","13":"tag-sante","14":"tag-symptomes","15":"tag-virus"},"share_on_mastodon":{"url":"https:\/\/pubeurope.com\/@fr\/115367098139842187","error":""},"_links":{"self":[{"href":"https:\/\/www.europesays.com\/fr\/wp-json\/wp\/v2\/posts\/459942","targetHints":{"allow":["GET"]}}],"collection":[{"href":"https:\/\/www.europesays.com\/fr\/wp-json\/wp\/v2\/posts"}],"about":[{"href":"https:\/\/www.europesays.com\/fr\/wp-json\/wp\/v2\/types\/post"}],"author":[{"embeddable":true,"href":"https:\/\/www.europesays.com\/fr\/wp-json\/wp\/v2\/users\/2"}],"replies":[{"embeddable":true,"href":"https:\/\/www.europesays.com\/fr\/wp-json\/wp\/v2\/comments?post=459942"}],"version-history":[{"count":0,"href":"https:\/\/www.europesays.com\/fr\/wp-json\/wp\/v2\/posts\/459942\/revisions"}],"wp:featuredmedia":[{"embeddable":true,"href":"https:\/\/www.europesays.com\/fr\/wp-json\/wp\/v2\/media\/459943"}],"wp:attachment":[{"href":"https:\/\/www.europesays.com\/fr\/wp-json\/wp\/v2\/media?parent=459942"}],"wp:term":[{"taxonomy":"category","embeddable":true,"href":"https:\/\/www.europesays.com\/fr\/wp-json\/wp\/v2\/categories?post=459942"},{"taxonomy":"post_tag","embeddable":true,"href":"https:\/\/www.europesays.com\/fr\/wp-json\/wp\/v2\/tags?post=459942"}],"curies":[{"name":"wp","href":"https:\/\/api.w.org\/{rel}","templated":true}]}}