{"id":459956,"date":"2025-10-13T13:36:18","date_gmt":"2025-10-13T13:36:18","guid":{"rendered":"https:\/\/www.europesays.com\/fr\/459956\/"},"modified":"2025-10-13T13:36:18","modified_gmt":"2025-10-13T13:36:18","slug":"exposition-du-graphiste-sylvain-reymondon-exposition-a-saint-etienne","status":"publish","type":"post","link":"https:\/\/www.europesays.com\/fr\/459956\/","title":{"rendered":"Exposition du graphiste : Sylvain Reymondon : Exposition a Saint Etienne"},"content":{"rendered":"<p>\t\t\t\t\t\t\t\t\t<a href=\"https:\/\/www.leprogres.fr\/pour-sortir\/loisirs\/Exposition\/Autres-expositions\/Rhone-alpes\/Loire\/Saint-etienne\/2025\/10\/17\/javascript:history.back();\" rel=\"nofollow noopener\" class=\"backToSearch\" target=\"_blank\">Retour \u00e0 la recherche<\/a><\/p>\n<p class=\"media-desc\" itemprop=\"description\">&#13;<br \/>\n\t\t\t\t\tLa nouvelle exposition \u00e0 la galerie Surface pr\u00e9sentera le graphiste Sylvain Reymondon, avec un projet de recherche portant sur la conception d\u2019une s\u00e9rie d\u2019affiche en s\u00e9rigraphie.<br \/>\n&#13;<br \/>\n\t\t\t\t\t\t\t\t\t\t\t&#13;<br \/>\n\t\t\t\t\t\t\t\t\t\t\u00ab\u00a0Cette recherche tente d\u2019ouvrir des moments d\u2019improvisation et d\u2019exploration. Le plaisir de chercher un \u00e9quilibre ou un d\u00e9s\u00e9quilibre dans la composition, de jouer avec les pleins et les vides, les tensions et les respirations, les champs et les hors-champ. Par o\u00f9 commencer et par o\u00f9 terminer?? Comment le signe peut-il guider le regard, ou au contraire le perdre ou le d\u00e9vier?? R\u00e9p\u00e9ter, inverser, faire pivoter, superposer de fa\u00e7on \u00e0 ouvrir de nouvelles possibilit\u00e9s de lecture de l\u2019espace. Provoquer l\u2019inattendu, la spontan\u00e9it\u00e9, l\u2019accident par le geste ou la variabilit\u00e9 des outils, de la mati\u00e8re et laisser surgir la forme. Comment une forme peut-elle \u00e0 la fois informer et \u00e9voquer?? En interrogeant la signal\u00e9tique non pas comme un syst\u00e8me fig\u00e9 d\u2019orientation, mais comme un champ d\u2019exploration visuelle et sensible.\u00a0\u00bb Sylvain Reymondon, octobre 2025&#13;\n\t\t\t\t  <\/p>\n","protected":false},"excerpt":{"rendered":"Retour \u00e0 la recherche &#13; La nouvelle exposition \u00e0 la galerie Surface pr\u00e9sentera le graphiste Sylvain Reymondon, avec&hellip;\n","protected":false},"author":2,"featured_media":459957,"comment_status":"","ping_status":"","sticky":false,"template":"","format":"standard","meta":{"footnotes":""},"categories":[9653],"tags":[1111,11,2430,1777,674,1011,27,12,25,4001],"class_list":{"0":"post-459956","1":"post","2":"type-post","3":"status-publish","4":"format-standard","5":"has-post-thumbnail","7":"category-saint-etienne","8":"tag-actu","9":"tag-actualites","10":"tag-auvergne-rhone-alpes","11":"tag-eu","12":"tag-europe","13":"tag-fr","14":"tag-france","15":"tag-news","16":"tag-republique-francaise","17":"tag-saint-etienne"},"share_on_mastodon":{"url":"https:\/\/pubeurope.com\/@fr\/115367128911593385","error":""},"_links":{"self":[{"href":"https:\/\/www.europesays.com\/fr\/wp-json\/wp\/v2\/posts\/459956","targetHints":{"allow":["GET"]}}],"collection":[{"href":"https:\/\/www.europesays.com\/fr\/wp-json\/wp\/v2\/posts"}],"about":[{"href":"https:\/\/www.europesays.com\/fr\/wp-json\/wp\/v2\/types\/post"}],"author":[{"embeddable":true,"href":"https:\/\/www.europesays.com\/fr\/wp-json\/wp\/v2\/users\/2"}],"replies":[{"embeddable":true,"href":"https:\/\/www.europesays.com\/fr\/wp-json\/wp\/v2\/comments?post=459956"}],"version-history":[{"count":0,"href":"https:\/\/www.europesays.com\/fr\/wp-json\/wp\/v2\/posts\/459956\/revisions"}],"wp:featuredmedia":[{"embeddable":true,"href":"https:\/\/www.europesays.com\/fr\/wp-json\/wp\/v2\/media\/459957"}],"wp:attachment":[{"href":"https:\/\/www.europesays.com\/fr\/wp-json\/wp\/v2\/media?parent=459956"}],"wp:term":[{"taxonomy":"category","embeddable":true,"href":"https:\/\/www.europesays.com\/fr\/wp-json\/wp\/v2\/categories?post=459956"},{"taxonomy":"post_tag","embeddable":true,"href":"https:\/\/www.europesays.com\/fr\/wp-json\/wp\/v2\/tags?post=459956"}],"curies":[{"name":"wp","href":"https:\/\/api.w.org\/{rel}","templated":true}]}}