{"id":459966,"date":"2025-10-13T13:41:11","date_gmt":"2025-10-13T13:41:11","guid":{"rendered":"https:\/\/www.europesays.com\/fr\/459966\/"},"modified":"2025-10-13T13:41:11","modified_gmt":"2025-10-13T13:41:11","slug":"le-diocese-de-frejus-toulon-deploie-sa-pastorale-pour-les-victimes-dagressions-sexuelles","status":"publish","type":"post","link":"https:\/\/www.europesays.com\/fr\/459966\/","title":{"rendered":"Le dioc\u00e8se de Fr\u00e9jus-Toulon d\u00e9ploie sa pastorale pour les victimes d\u2019agressions sexuelles"},"content":{"rendered":"<p>Assises sur des murets de pierres chauff\u00e9es par le soleil ou<br \/>\ndebout autour d\u2019une table de rafra\u00eechissements, dans un d\u00e9cor de<br \/>\npins et d\u2019oliviers, une soixantaine de personnes se sont<br \/>\nretrouv\u00e9es\u00a0samedi 11\u00a0octobre\u00a02025 en d\u00e9but<br \/>\nd\u2019apr\u00e8s-midi devant l\u2019amphith\u00e9\u00e2tre du lyc\u00e9e Saint-Joseph<br \/>\nd\u2019Ollioules (Var), aux portes de Toulon, pour un moment in\u00e9dit.<\/p>\n<p>Elles ont r\u00e9pondu \u00e0 l\u2019invitation du dioc\u00e8se, lanc\u00e9e \u00e0 tous les<br \/>\nhabitants, de partager un\u00a0apr\u00e8s-midi autour du th\u00e8me<br \/>\n\u00ab\u00a0Violence au sein de l\u2019\u00c9glise, comprendre et avancer<br \/>\nensemble\u00a0\u00bb.<\/p>\n<p>La notion de pardon<\/p>\n<p>Cet \u00e9v\u00e9nement, con\u00e7u pour et par les victimes, s\u2019inscrit dans le<br \/>\ncadre d\u2019une nouvelle pastorale des personnes victimes d\u2019agressions<br \/>\nsexuelles\u00a0impuls\u00e9e par la Conf\u00e9rence des \u00e9v\u00eaques de France<br \/>\n(CEF) en janvier\u00a02025, sous la forme d\u2019<a rel=\"noopener noreferrer nofollow\" href=\"https:\/\/eglise.catholique.fr\/wp-content\/uploads\/sites\/2\/2025\/02\/Pour-une-pastorale-des-personnes-victimes-dagressions-sexuelles-rapport-du-groupe-de-travail-janvier-2025.pdf\" target=\"_blank\">un document d\u2019une centaine de pages<\/a> r\u00e9alis\u00e9 par<br \/>\nquatre la\u00efcs et deux religieux, \u00e0 parit\u00e9 entre femmes et hommes,<br \/>\net\u00a0entre personnes victimes et non victimes, o\u00f9 alternent<br \/>\n\u00e9clairages th\u00e9o<\/p>\n","protected":false},"excerpt":{"rendered":"Assises sur des murets de pierres chauff\u00e9es par le soleil ou debout autour d\u2019une table de rafra\u00eechissements, dans&hellip;\n","protected":false},"author":2,"featured_media":459967,"comment_status":"","ping_status":"","sticky":false,"template":"","format":"standard","meta":{"footnotes":""},"categories":[9619],"tags":[1111,11,1777,674,1011,27,12,882,25,2310],"class_list":{"0":"post-459966","1":"post","2":"type-post","3":"status-publish","4":"format-standard","5":"has-post-thumbnail","7":"category-toulon","8":"tag-actu","9":"tag-actualites","10":"tag-eu","11":"tag-europe","12":"tag-fr","13":"tag-france","14":"tag-news","15":"tag-provence-alpes-cote-dazur","16":"tag-republique-francaise","17":"tag-toulon"},"share_on_mastodon":{"url":"https:\/\/pubeurope.com\/@fr\/115367148520978789","error":""},"_links":{"self":[{"href":"https:\/\/www.europesays.com\/fr\/wp-json\/wp\/v2\/posts\/459966","targetHints":{"allow":["GET"]}}],"collection":[{"href":"https:\/\/www.europesays.com\/fr\/wp-json\/wp\/v2\/posts"}],"about":[{"href":"https:\/\/www.europesays.com\/fr\/wp-json\/wp\/v2\/types\/post"}],"author":[{"embeddable":true,"href":"https:\/\/www.europesays.com\/fr\/wp-json\/wp\/v2\/users\/2"}],"replies":[{"embeddable":true,"href":"https:\/\/www.europesays.com\/fr\/wp-json\/wp\/v2\/comments?post=459966"}],"version-history":[{"count":0,"href":"https:\/\/www.europesays.com\/fr\/wp-json\/wp\/v2\/posts\/459966\/revisions"}],"wp:featuredmedia":[{"embeddable":true,"href":"https:\/\/www.europesays.com\/fr\/wp-json\/wp\/v2\/media\/459967"}],"wp:attachment":[{"href":"https:\/\/www.europesays.com\/fr\/wp-json\/wp\/v2\/media?parent=459966"}],"wp:term":[{"taxonomy":"category","embeddable":true,"href":"https:\/\/www.europesays.com\/fr\/wp-json\/wp\/v2\/categories?post=459966"},{"taxonomy":"post_tag","embeddable":true,"href":"https:\/\/www.europesays.com\/fr\/wp-json\/wp\/v2\/tags?post=459966"}],"curies":[{"name":"wp","href":"https:\/\/api.w.org\/{rel}","templated":true}]}}