{"id":459978,"date":"2025-10-13T13:49:11","date_gmt":"2025-10-13T13:49:11","guid":{"rendered":"https:\/\/www.europesays.com\/fr\/459978\/"},"modified":"2025-10-13T13:49:11","modified_gmt":"2025-10-13T13:49:11","slug":"demolition-du-parking-les-premiers-jours-a-charier-les-gravats","status":"publish","type":"post","link":"https:\/\/www.europesays.com\/fr\/459978\/","title":{"rendered":"d\u00e9molition du parking : les premiers jours \u00e0 \u00ab\u00a0charier\u00a0\u00bb les gravats"},"content":{"rendered":"<p style=\"text-align: justify;\">Ce lundi\u00a013\u00a0octobre 2025, sur le quai Duguay-Trouin, exit les voitures, place aux engins. \u00c0 Rennes, la d\u00e9molition du parking qui recouvre la Vilaine a d\u00e9but\u00e9 sous les yeux de badauds. Derri\u00e8re les grillages, nombreux sont ceux qui ont un mot. \u00ab\u2009Je plains les commer\u00e7ants et les riverains\u2009\u00bb, peste l\u2019un d\u2019eux. \u00ab\u2009J\u2019attends avec impatience la fin des travaux pour voir le r\u00e9sultat\u2009\u00bb, ajoute une passante.<\/p>\n<p style=\"text-align: justify;\">Tout autour, les Rennais observent les allers-retours de camions. Ils regardent les gravats commencer \u00e0 s\u2019entasser avant d\u2019\u00eatre \u00e9vacu\u00e9s vers des centres de stockage. Devant eux, c\u2019est un ballet d\u2019op\u00e9rateurs en gilet orange, de vrombissements et de l\u2019odeur du bitume fra\u00eechement rabot\u00e9 par d\u2019imposantes machines.<\/p>\n<p style=\"text-align: justify;\">Positionn\u00e9e \u00e0 l\u2019extr\u00e9mit\u00e9 ouest du quai Duguay-Trouin, une grue a pour mission d\u2019ouvrir une br\u00e8che de 20\u00a0m\u00e8tres. Elle pr\u00e9c\u00e9dera l\u2019installation d\u2019une grande pelle m\u00e9canique de 50\u00a0tonnes qui d\u00e9molira la dalle depuis la place de Bretagne vers la place de la R\u00e9publique.<\/p>\n<p style=\"text-align: justify;\">Mais qui dit chantier en centre-ville dit perturbations. Le quai Duguay-Trouin est ferm\u00e9 \u00e0 la circulation (automobiles et v\u00e9los) entre la rue Le Bouteiller et la rue de la Monnaie jusqu\u2019\u00e0 fin novembre. Les pi\u00e9tons peuvent toutefois circuler sur le trottoir nord, c\u00f4t\u00e9 immeubles.<\/p>\n<p style=\"text-align: justify;\">Pour les v\u00e9hicules, une d\u00e9viation est mise en place via la rue de Nemours, la rue de la Chalotais, la rue Lanjuinais et la place de Bretagne. Les cyclistes doivent passer par la place de Bretagne, la rue de la Chalotais et la rue de Nemours. La rue de Rohan passe temporairement en double sens, et le sens de circulation est invers\u00e9 sur une partie du quai Duguay-Trouin. Plus qu\u2019un simple chantier, c\u2019est un acte de reconqu\u00eate urbaine voulue par la m\u00e9tropole. \u00c0 terme, ce projet vise \u00e0 rouvrir les quais \u00e0 la vie, \u00e0 la marche, \u00e0 la contemplation.<\/p>\n","protected":false},"excerpt":{"rendered":"Ce lundi\u00a013\u00a0octobre 2025, sur le quai Duguay-Trouin, exit les voitures, place aux engins. \u00c0 Rennes, la d\u00e9molition du&hellip;\n","protected":false},"author":2,"featured_media":459979,"comment_status":"","ping_status":"","sticky":false,"template":"","format":"standard","meta":{"footnotes":""},"categories":[2821],"tags":[1111,11,829,1777,674,1011,27,12,584,25],"class_list":{"0":"post-459978","1":"post","2":"type-post","3":"status-publish","4":"format-standard","5":"has-post-thumbnail","7":"category-rennes","8":"tag-actu","9":"tag-actualites","10":"tag-bretagne","11":"tag-eu","12":"tag-europe","13":"tag-fr","14":"tag-france","15":"tag-news","16":"tag-rennes","17":"tag-republique-francaise"},"share_on_mastodon":{"url":"https:\/\/pubeurope.com\/@fr\/115367180153377244","error":""},"_links":{"self":[{"href":"https:\/\/www.europesays.com\/fr\/wp-json\/wp\/v2\/posts\/459978","targetHints":{"allow":["GET"]}}],"collection":[{"href":"https:\/\/www.europesays.com\/fr\/wp-json\/wp\/v2\/posts"}],"about":[{"href":"https:\/\/www.europesays.com\/fr\/wp-json\/wp\/v2\/types\/post"}],"author":[{"embeddable":true,"href":"https:\/\/www.europesays.com\/fr\/wp-json\/wp\/v2\/users\/2"}],"replies":[{"embeddable":true,"href":"https:\/\/www.europesays.com\/fr\/wp-json\/wp\/v2\/comments?post=459978"}],"version-history":[{"count":0,"href":"https:\/\/www.europesays.com\/fr\/wp-json\/wp\/v2\/posts\/459978\/revisions"}],"wp:featuredmedia":[{"embeddable":true,"href":"https:\/\/www.europesays.com\/fr\/wp-json\/wp\/v2\/media\/459979"}],"wp:attachment":[{"href":"https:\/\/www.europesays.com\/fr\/wp-json\/wp\/v2\/media?parent=459978"}],"wp:term":[{"taxonomy":"category","embeddable":true,"href":"https:\/\/www.europesays.com\/fr\/wp-json\/wp\/v2\/categories?post=459978"},{"taxonomy":"post_tag","embeddable":true,"href":"https:\/\/www.europesays.com\/fr\/wp-json\/wp\/v2\/tags?post=459978"}],"curies":[{"name":"wp","href":"https:\/\/api.w.org\/{rel}","templated":true}]}}