{"id":460009,"date":"2025-10-13T14:05:12","date_gmt":"2025-10-13T14:05:12","guid":{"rendered":"https:\/\/www.europesays.com\/fr\/460009\/"},"modified":"2025-10-13T14:05:12","modified_gmt":"2025-10-13T14:05:12","slug":"le-phenomene-qui-explique-ce-ciel-gris-a-lyon","status":"publish","type":"post","link":"https:\/\/www.europesays.com\/fr\/460009\/","title":{"rendered":"le ph\u00e9nom\u00e8ne qui explique ce ciel gris \u00e0 Lyon"},"content":{"rendered":"<p>                            <img loading=\"lazy\" width=\"770\" height=\"433\" class=\"attachment-article size-article wp-post-image lazyload\" alt=\"Lyon sous le ciel automnal.\" decoding=\"async\" src=\"https:\/\/www.europesays.com\/fr\/wp-content\/uploads\/2025\/04\/610658-ez-Ciel-gris-octobre-2015-770x433.jpg\"  data- data-eio-rwidth=\"770\" data-eio-rheight=\"433\"\/><\/p>\n<p>Le ciel sera tr\u00e8s nuageux ce samedi 26 octobre. Photo : Benjamin Roure<\/p>\n<p class=\"content\" style=\"font-size:1.2em;font-weight:700\">\u00c0 Lyon, l\u2019automne s\u2019installe avec un ciel couvert et des temp\u00e9ratures en baisse cette semaine. Un ph\u00e9nom\u00e8ne persistant qui devrait durer jusqu\u2019au week-end.<\/p>\n<p>L&rsquo;automne semble s&rsquo;\u00eatre d\u00e9j\u00e0 bien install\u00e9 \u00e0 Lyon. Alors que les temp\u00e9ratures sont bien en dessous des normales de saison et que la ville est plong\u00e9e sous un ciel gris depuis plusieurs jours, la situation ne devrait pas aller en s&rsquo;arrangeant cette semaine. <\/p>\n<p>\u00ab\u00a0C&rsquo;est un ph\u00e9nom\u00e8ne particulier qui touche Lyon actuellement\u00a0\u00bb, explique Guillaume S\u00e9chet, m\u00e9t\u00e9orologue chez <a href=\"https:\/\/www.meteo-lyon.net\/\" rel=\"nofollow noopener\" target=\"_blank\">Lyon-m\u00e9t\u00e9o.net<\/a>. En effet, alors que le temps reste calme, le ciel ne semble pas vouloir se d\u00e9barrasser de son voile gris : \u00ab\u00a0L&rsquo;humidit\u00e9 pr\u00e9sente dans l&rsquo;air est bloqu\u00e9e par le Nord des Alpes et par le nord du massif Central\u00a0\u00bb, explique le m\u00e9t\u00e9orologue. Il ajoute : \u00ab\u00a0L&rsquo;humidit\u00e9 est donc prise dans une sorte d&rsquo;entonnoir et reste bloqu\u00e9e \u00e0 Lyon\u00a0\u00bb. L&rsquo;absence de vent et l&rsquo;anticyclone favorisent ainsi la formation de nuages bas : \u00ab\u00a0Tant que l&rsquo;anticyclone est l\u00e0, la situation ne bougera pas\u00a0\u00bb, pr\u00e9cise Guillaume S\u00e9chet. La situation devrait ainsi rester similaire du lundi 13 au vendredi 17 septembre. <\/p>\n<p>Les temp\u00e9ratures, elles, devraient \u00e9galement rester fra\u00eeches et en dessous des normales de saison cette semaine. 17\u00b0C sont attendus au maximum. <\/p>\n<p>Du soleil ce week-end ? <\/p>\n<p>Mais le ph\u00e9nom\u00e8ne pourrait bien se dissiper pour le week-end. Un vent du sud pr\u00e9vu pour la fin de semaine devrait permettre de dissiper les nuages bas d\u00e8s samedi 18 septembre : \u00ab\u00a0Il est difficile de savoir quand et \u00e0 quelle heure les nuages vont dispara\u00eetre\u00a0\u00bb, pr\u00e9cise n\u00e9anmoins Guillaume S\u00e9chet. <\/p>\n<p>Si le ciel devrait retrouver un peu de son bleu, les temp\u00e9ratures devraient \u00e9galement grimper ce week-end. 19\u00b0C sont attendus dimanche 19 octobre. <\/p>\n<p><strong>Lire aussi : <\/strong><a href=\"http:\/\/Un lundi frais entre nuages et \u00e9claircies \u00e0 Lyon\" rel=\"nofollow\">Un lundi frais entre nuages et \u00e9claircies \u00e0 Lyon<\/a><\/p>\n","protected":false},"excerpt":{"rendered":"Le ciel sera tr\u00e8s nuageux ce samedi 26 octobre. Photo : Benjamin Roure \u00c0 Lyon, l\u2019automne s\u2019installe avec&hellip;\n","protected":false},"author":2,"featured_media":53965,"comment_status":"","ping_status":"","sticky":false,"template":"","format":"standard","meta":{"footnotes":""},"categories":[1889],"tags":[1111,11,2430,1777,674,1011,27,2428,12,25],"class_list":{"0":"post-460009","1":"post","2":"type-post","3":"status-publish","4":"format-standard","5":"has-post-thumbnail","7":"category-lyon","8":"tag-actu","9":"tag-actualites","10":"tag-auvergne-rhone-alpes","11":"tag-eu","12":"tag-europe","13":"tag-fr","14":"tag-france","15":"tag-lyon","16":"tag-news","17":"tag-republique-francaise"},"share_on_mastodon":{"url":"https:\/\/pubeurope.com\/@fr\/115367243039287888","error":""},"_links":{"self":[{"href":"https:\/\/www.europesays.com\/fr\/wp-json\/wp\/v2\/posts\/460009","targetHints":{"allow":["GET"]}}],"collection":[{"href":"https:\/\/www.europesays.com\/fr\/wp-json\/wp\/v2\/posts"}],"about":[{"href":"https:\/\/www.europesays.com\/fr\/wp-json\/wp\/v2\/types\/post"}],"author":[{"embeddable":true,"href":"https:\/\/www.europesays.com\/fr\/wp-json\/wp\/v2\/users\/2"}],"replies":[{"embeddable":true,"href":"https:\/\/www.europesays.com\/fr\/wp-json\/wp\/v2\/comments?post=460009"}],"version-history":[{"count":0,"href":"https:\/\/www.europesays.com\/fr\/wp-json\/wp\/v2\/posts\/460009\/revisions"}],"wp:featuredmedia":[{"embeddable":true,"href":"https:\/\/www.europesays.com\/fr\/wp-json\/wp\/v2\/media\/53965"}],"wp:attachment":[{"href":"https:\/\/www.europesays.com\/fr\/wp-json\/wp\/v2\/media?parent=460009"}],"wp:term":[{"taxonomy":"category","embeddable":true,"href":"https:\/\/www.europesays.com\/fr\/wp-json\/wp\/v2\/categories?post=460009"},{"taxonomy":"post_tag","embeddable":true,"href":"https:\/\/www.europesays.com\/fr\/wp-json\/wp\/v2\/tags?post=460009"}],"curies":[{"name":"wp","href":"https:\/\/api.w.org\/{rel}","templated":true}]}}