{"id":460012,"date":"2025-10-13T14:07:11","date_gmt":"2025-10-13T14:07:11","guid":{"rendered":"https:\/\/www.europesays.com\/fr\/460012\/"},"modified":"2025-10-13T14:07:11","modified_gmt":"2025-10-13T14:07:11","slug":"le-sentiment-davoir-ete-oublie-en-ile-de-france-29-millions-de-personnes-fragilisees-par-leur-logement","status":"publish","type":"post","link":"https:\/\/www.europesays.com\/fr\/460012\/","title":{"rendered":"\u00ab\u00a0Le sentiment d\u2019avoir \u00e9t\u00e9 oubli\u00e9\u00a0\u00bb : en \u00cele-de-France, 2,9\u00a0millions de personnes fragilis\u00e9es par leur logement"},"content":{"rendered":"<p class=\"paragraph text_align_left lp-f-body-02\">Parmi eux, des personnes modestes en situation de pr\u00e9carit\u00e9 \u00e9nerg\u00e9tique, des locataires en impay\u00e9s de loyers ou de charges, ou encore des personnes dont le lieu de vie n\u2019est pas adapt\u00e9 \u00e0 leur handicap. C\u2019est aussi le cas de Natalia, qui doit monter des escaliers pour atteindre son appartement malgr\u00e9 ses difficult\u00e9s \u00e0 se d\u00e9placer. \u00ab Mon quotidien est terrible. Quand je fais mes courses, je ne peux pas acheter beaucoup de choses par peur de ne pas r\u00e9ussir \u00e0 tout monter, donc j\u2019y vais tous les jours. \u00bb<\/p>\n","protected":false},"excerpt":{"rendered":"Parmi eux, des personnes modestes en situation de pr\u00e9carit\u00e9 \u00e9nerg\u00e9tique, des locataires en impay\u00e9s de loyers ou de&hellip;\n","protected":false},"author":2,"featured_media":460013,"comment_status":"","ping_status":"","sticky":false,"template":"","format":"standard","meta":{"footnotes":""},"categories":[1592],"tags":[1111,11,1777,674,1011,27,662,1116,12,626,25],"class_list":{"0":"post-460012","1":"post","2":"type-post","3":"status-publish","4":"format-standard","5":"has-post-thumbnail","7":"category-ile-de-france","8":"tag-actu","9":"tag-actualites","10":"tag-eu","11":"tag-europe","12":"tag-fr","13":"tag-france","14":"tag-ile-de-france","15":"tag-immobilier","16":"tag-news","17":"tag-paris","18":"tag-republique-francaise"},"share_on_mastodon":{"url":"https:\/\/pubeurope.com\/@fr\/115367250924039604","error":""},"_links":{"self":[{"href":"https:\/\/www.europesays.com\/fr\/wp-json\/wp\/v2\/posts\/460012","targetHints":{"allow":["GET"]}}],"collection":[{"href":"https:\/\/www.europesays.com\/fr\/wp-json\/wp\/v2\/posts"}],"about":[{"href":"https:\/\/www.europesays.com\/fr\/wp-json\/wp\/v2\/types\/post"}],"author":[{"embeddable":true,"href":"https:\/\/www.europesays.com\/fr\/wp-json\/wp\/v2\/users\/2"}],"replies":[{"embeddable":true,"href":"https:\/\/www.europesays.com\/fr\/wp-json\/wp\/v2\/comments?post=460012"}],"version-history":[{"count":0,"href":"https:\/\/www.europesays.com\/fr\/wp-json\/wp\/v2\/posts\/460012\/revisions"}],"wp:featuredmedia":[{"embeddable":true,"href":"https:\/\/www.europesays.com\/fr\/wp-json\/wp\/v2\/media\/460013"}],"wp:attachment":[{"href":"https:\/\/www.europesays.com\/fr\/wp-json\/wp\/v2\/media?parent=460012"}],"wp:term":[{"taxonomy":"category","embeddable":true,"href":"https:\/\/www.europesays.com\/fr\/wp-json\/wp\/v2\/categories?post=460012"},{"taxonomy":"post_tag","embeddable":true,"href":"https:\/\/www.europesays.com\/fr\/wp-json\/wp\/v2\/tags?post=460012"}],"curies":[{"name":"wp","href":"https:\/\/api.w.org\/{rel}","templated":true}]}}