{"id":460014,"date":"2025-10-13T14:08:18","date_gmt":"2025-10-13T14:08:18","guid":{"rendered":"https:\/\/www.europesays.com\/fr\/460014\/"},"modified":"2025-10-13T14:08:18","modified_gmt":"2025-10-13T14:08:18","slug":"un-scandale-evitable-pour-la-fondation-pour-le-logement","status":"publish","type":"post","link":"https:\/\/www.europesays.com\/fr\/460014\/","title":{"rendered":"un scandale \u00e9vitable pour la Fondation pour le logement"},"content":{"rendered":"<p><strong>R\u00e9gion la plus riche et la plus peupl\u00e9e de France avec ses 12,3 millions d\u2019habitants, l\u2019\u00cele-de-France, est confront\u00e9e \u00e0 une crise du logement profonde et persistante\u00a0: 1,3 million de personnes y sont victimes du mal-logement.<\/strong><\/p>\n<p>Dans son \u00e9clairage, la Fondation pour le Logement (anciennement Abb\u00e9 Pierre) d\u00e9voile des chiffres plus qu\u2019alarmants :<\/p>\n<p><strong>\u2013 125 600 personnes sans domicile personnel<\/strong> (au sens de l\u2019Insee) en \u00cele-de-France en 2025, dont plus de <strong>4 000 sont sans-abri<\/strong> \u00e0 Paris et proche couronne.<\/p>\n<p>\u2013 Des loyers du parc priv\u00e9 qui ont augment\u00e9 deux fois plus vite que les revenus m\u00e9dians. La part du loyer atteint pr\u00e8s de 35% des ressources des m\u00e9nages les plus modestes.<\/p>\n<p><strong>\u2013 30% des locataires<\/strong> (priv\u00e9 et social) <strong>sont en suroccupation<\/strong>, ph\u00e9nom\u00e8ne 2,2 fois sup\u00e9rieur \u00e0 la moyenne nationale.<\/p>\n<p><strong>\u2013 Plus de 888 000 m\u00e9nages sont en attente d\u2019un logement social<\/strong>, avec seulement 65 000 attributions en 2024 (93 % des demandeurs restent sans r\u00e9ponse).<\/p>\n<p>\u00ab\u00a0Malgr\u00e9 les efforts en mati\u00e8re de construction de logements sociaux, de lutte contre l\u2019habitat indigne et d\u2019augmentation des places d\u2019h\u00e9bergement, la r\u00e9gion reste marqu\u00e9e par un syst\u00e8me encore trop fragment\u00e9, s\u00e9lectif et in\u00e9galitaire. L\u2019acc\u00e8s \u00e0 un habitat d\u00e9cent et les parcours r\u00e9sidentiels demeurent entrav\u00e9s, notamment pour les publics les plus vuln\u00e9rables. Une situation aggrav\u00e9e par des dispositifs d\u2019h\u00e9bergement satur\u00e9s, un parc social \u00e0 bas co\u00fbt qui diminue et un parc locatif priv\u00e9 de plus en plus cher et tr\u00e8s \u00e9nergivore.\u00a0\u00bb d\u00e9plore \u00c9ric Constantin, directeur r\u00e9gional de l\u2019agence \u00cele-de-France.<\/p>\n<p>Les crit\u00e8res de priorisation et de s\u00e9lection des candidats se renforcent et les m\u00e9canismes de droit au logement restent insuffisamment appliqu\u00e9s<strong>.<\/strong><\/p>\n<p><strong>Face \u00e0 ces constats et ces donn\u00e9es alarmantes, la Fondation pour le Logement des D\u00e9favoris\u00e9s appelle \u00e0 une politique r\u00e9gionale de l\u2019habitat plus ambitieuse, respectueuse des droits fondamentaux, et fond\u00e9e sur la solidarit\u00e9 et l\u2019inclusion.<\/strong><\/p>\n<p>                        <img decoding=\"async\" src=\"https:\/\/www.europesays.com\/fr\/wp-content\/uploads\/2025\/10\/placeholder-actu.png\" alt=\"synthese eclairage IDF 2025\" class=\"full cover\" loading=\"lazy\" width=\"118\" height=\"163\"\/><\/p>\n<p>\n                    synthese eclairage IDF 2025                <\/p>\n<p><strong>Pr\u00e9sentation publique de l\u2019\u00e9clairage r\u00e9gional sur le mal-logement :<\/strong><\/p>\n<p>Du 14 octobre au 5 novembre, la Fondation pour le Logement pr\u00e9sentera son \u00e9clairage sur \u00ab l\u2019\u00e9tat du mal-logement en \u00cele-de-France \u00bb. Elle d\u00e9voilera ses analyses et ses recommandations \u00e0 Nanterre, Cergy, Bobigny et Paris lors de tables rondes th\u00e9matiques r\u00e9unissant acteurs institutionnels, associatifs et experts.<\/p>\n<p><strong>&gt;<\/strong> <strong>Le mardi 14 octobre \u00e0 9h \u00e0 Nanterre (92)\u00a0: <\/strong>\u00ab Politiques locales : placer la lutte contre la pr\u00e9carit\u00e9 et le mal-logement au premier plan \u00bb<br \/><a href=\"https:\/\/docs.google.com\/forms\/d\/e\/1FAIpQLSczsuAtJTUBWYTlpR0GLX5dwCdShgM2F7MKhNQ4iTi6WvOYGA\/viewform\" target=\"_blank\" rel=\"noopener\">Inscription<\/a><\/p>\n<p><strong>&gt; Le mercredi 15 octobre \u00e0 9h \u00e0 Cergy (95) <\/strong>: \u00ab Parcours r\u00e9sidentiels et mixit\u00e9 sociale \u00bb<br \/><a href=\"https:\/\/docs.google.com\/forms\/d\/e\/1FAIpQLSdrQ51DdFo2frdP2MpA_fX_dxLvJQ_rB-8ck2hrgevUaLX-Jw\/viewform\" target=\"_blank\" rel=\"noopener\">Inscription<\/a><\/p>\n<p><strong>&gt; Le jeudi 16 octobre \u00e0 14h \u00e0 Bobigny (93) <\/strong>: \u00ab Pr\u00e9carit\u00e9 \u00e9nerg\u00e9tique et mal-logement \u00bb<br \/><a href=\"https:\/\/docs.google.com\/forms\/d\/e\/1FAIpQLSdLXfFWBTW2DjWb3wN_gYNkuN8Mdw4L8Kllcyh-r-0fkOVCNQ\/viewform\" target=\"_blank\" rel=\"noopener\">Inscription<\/a><\/p>\n<p><strong>&gt; Le mercredi 5 novembre \u00e0 9 h \u00e0 Paris (75) :<\/strong> \u00ab Vies en suspens : l\u2019attente d\u2019un logement social \u00bb<br \/><a href=\"https:\/\/docs.google.com\/forms\/d\/e\/1FAIpQLSdZHIo9Sz0jozb-XZcDwusmT8bNfvvHWWbE9xA3L_7O-3pcUA\/viewform\" target=\"_blank\" rel=\"noopener\">Inscription<\/a><\/p>\n","protected":false},"excerpt":{"rendered":"R\u00e9gion la plus riche et la plus peupl\u00e9e de France avec ses 12,3 millions d\u2019habitants, l\u2019\u00cele-de-France, est confront\u00e9e&hellip;\n","protected":false},"author":2,"featured_media":460015,"comment_status":"","ping_status":"","sticky":false,"template":"","format":"standard","meta":{"footnotes":""},"categories":[1592],"tags":[1111,11,38969,1777,674,1011,27,662,12,626,25],"class_list":{"0":"post-460014","1":"post","2":"type-post","3":"status-publish","4":"format-standard","5":"has-post-thumbnail","7":"category-ile-de-france","8":"tag-actu","9":"tag-actualites","10":"tag-communiques-de-presse","11":"tag-eu","12":"tag-europe","13":"tag-fr","14":"tag-france","15":"tag-ile-de-france","16":"tag-news","17":"tag-paris","18":"tag-republique-francaise"},"share_on_mastodon":{"url":"https:\/\/pubeurope.com\/@fr\/115367255522334915","error":""},"_links":{"self":[{"href":"https:\/\/www.europesays.com\/fr\/wp-json\/wp\/v2\/posts\/460014","targetHints":{"allow":["GET"]}}],"collection":[{"href":"https:\/\/www.europesays.com\/fr\/wp-json\/wp\/v2\/posts"}],"about":[{"href":"https:\/\/www.europesays.com\/fr\/wp-json\/wp\/v2\/types\/post"}],"author":[{"embeddable":true,"href":"https:\/\/www.europesays.com\/fr\/wp-json\/wp\/v2\/users\/2"}],"replies":[{"embeddable":true,"href":"https:\/\/www.europesays.com\/fr\/wp-json\/wp\/v2\/comments?post=460014"}],"version-history":[{"count":0,"href":"https:\/\/www.europesays.com\/fr\/wp-json\/wp\/v2\/posts\/460014\/revisions"}],"wp:featuredmedia":[{"embeddable":true,"href":"https:\/\/www.europesays.com\/fr\/wp-json\/wp\/v2\/media\/460015"}],"wp:attachment":[{"href":"https:\/\/www.europesays.com\/fr\/wp-json\/wp\/v2\/media?parent=460014"}],"wp:term":[{"taxonomy":"category","embeddable":true,"href":"https:\/\/www.europesays.com\/fr\/wp-json\/wp\/v2\/categories?post=460014"},{"taxonomy":"post_tag","embeddable":true,"href":"https:\/\/www.europesays.com\/fr\/wp-json\/wp\/v2\/tags?post=460014"}],"curies":[{"name":"wp","href":"https:\/\/api.w.org\/{rel}","templated":true}]}}