{"id":460016,"date":"2025-10-13T14:09:13","date_gmt":"2025-10-13T14:09:13","guid":{"rendered":"https:\/\/www.europesays.com\/fr\/460016\/"},"modified":"2025-10-13T14:09:13","modified_gmt":"2025-10-13T14:09:13","slug":"a-quoi-ressemblait-la-crue-centennale-a-paris-en-1910","status":"publish","type":"post","link":"https:\/\/www.europesays.com\/fr\/460016\/","title":{"rendered":"\u00c0 quoi ressemblait la crue centennale \u00e0 Paris en 1910 ?"},"content":{"rendered":"<p>L&rsquo;ACTU.<\/p>\n<p>Du 13 au 17 octobre 2025, la pr\u00e9fecture de police de Paris m\u00e8ne un exercice \u00e0 l&rsquo;\u00e9chelle de l&rsquo;\u00cele-de-France \u00ab\u00a0pour pr\u00e9parer l\u2019\u00cele-de-France aux crues centennales<strong> <\/strong>\u00bb. Son nom\u00a0: Hydros 2025. Il s&rsquo;agit de simuler une crue majeure de la Marne et de la Seine et de leurs affluents en r\u00e9gion parisienne. Son objectif est de tester les dispositifs op\u00e9rationnels, les proc\u00e9dures d\u2019\u00e9vacuation et la continuit\u00e9 de l\u2019action de l\u2019\u00c9tat, afin de renforcer la pr\u00e9paration collective et mieux prot\u00e9ger les habitants face \u00e0 ce type de risque.<\/p>\n<p>En \u00cele-de-France, le risque d&rsquo;inondation est le premier des risques naturels majeurs. En cas de crue centennale, plus de 600 000 Franciliens se trouveraient en zone inondable et pr\u00e8s d\u2019un million en zone de fragilit\u00e9. Cet exercice, pr\u00e9cise le site officiel <a href=\"https:\/\/www.seine-et-marne.gouv.fr\/Actualites\/Information-Exercice-Securite-Civile\/HYDROS-25-simulation-d-une-crue-centennale-du-13-au-17-octobre-en-Ile-de-France\" title=\"Risque inondation\u00a0: HYDROS 25, un exercice pour pr\u00e9parer l\u2019\u00cele-de-France aux crues centennales\" rel=\"nofollow noopener\" target=\"_blank\">Hydros 2025<\/a>, s&rsquo;inscrit dans \u00ab\u00a0une d\u00e9marche proactive de s\u00e9curit\u00e9 et ne pr\u00e9sente aucune situation de danger. L\u2019objectif strat\u00e9gique est de renforcer la r\u00e9silience de la r\u00e9gion face \u00e0 un risque majeur et \u00e0 mieux prot\u00e9ger et informer les Franciliens\u00a0\u00bb.<\/p>\n<p>La derni\u00e8re crue d&rsquo;ampleur eut lieu fin janvier 1910, et plus les ann\u00e9es avancent, plus le risque d&rsquo;une crue centennale augmente. Il y a 115 ans, la Seine atteignait son maximum, culminant \u00e0 8,62 m\u00e8tres sur l&rsquo;\u00e9chelle hydrom\u00e9trique du pont d&rsquo;Austerlitz \u00e0 Paris. Cette crue du si\u00e8cle, si elle ne fut pas meurtri\u00e8re, entra\u00eena de nombreux d\u00e9g\u00e2ts que d\u00e9voilent d&rsquo;incroyables images.<\/p>\n<p>L&rsquo;ARCHIVE.<\/p>\n<p>Fin <a href=\"https:\/\/www.ina.fr\/video\/AFE85005943\" target=\"_blank\" rel=\"nofollow noopener\">janvier 1955<\/a>, la Seine d\u00e9passe les 4m50 de la c\u00f4te d&rsquo;alerte. Alors qu&rsquo;un dispositif est mis en place pour \u00e9viter la catastrophe de 1910, les \u00ab\u00a0Actualit\u00e9s fran\u00e7aises\u00a0\u00bb diffusent des images des quartiers de Paris inond\u00e9s au d\u00e9but du si\u00e8cle. Sur un ton dramatique, le commentaire  nous plonge dans l&rsquo;ambiance de cet \u00e9v\u00e9nement rarissime\u00a0: une crue centennale. \u00ab\u00a0Ann\u00e9e terrible o\u00f9 l&rsquo;on vit la Seine sur le parvis de Notre-Dame et les d\u00e9put\u00e9s oblig\u00e9s de se rendre \u00e0 la chambre en bateau\u00a0! Si la gare Saint Lazare baignait dans l&rsquo;eau, c&rsquo;\u00e9tait bien pire \u00e0 la gare des Invalides. Plus question d&#8217;emprunter le train. Tout au plus aurait-on pu s&rsquo;y promener en barque\u00a0\u00bb. <\/p>\n<p>Stations de m\u00e9tro transform\u00e9es en piscine ou englouties par l&rsquo;eau saum\u00e2tre, et l&rsquo;esplanade des Invalides transform\u00e9 en lac\u00a0!<\/p>\n<p>Et le commentaire de conclure\u00a0: \u00ab Le Paris de 1910, c&rsquo;\u00e9tait une esp\u00e8ce de Venise improvis\u00e9e, sans gondole ni romance, o\u00f9 l&rsquo;on quittait le bateau pour les passerelles de planches et o\u00f9 la vie devenait un tour de force. Les Parisiens qui se souviennent de 1910 ne tiennent pas \u00e0 recommencer\u2026\u00bb<\/p>\n<p>Si les images sont rares, les t\u00e9moignages, eux, ont \u00e9t\u00e9 recueillis par la radio. Ils nous laissent \u00e0 entendre l&rsquo;ampleur de la catastrophe qui paralysa alors Paris et sa banlieue. Il est aussi beaucoup question de la r\u00e9silience des habitants, pourtant t\u00e9moins de drames affreux, et bien souvent priv\u00e9s de logement. Nombre d&rsquo;entre eux, d&rsquo;ailleurs, ne les retrouv\u00e8rent pas apr\u00e8s la d\u00e9crue.<\/p>\n<p><strong>T\u00e9moignages audio de contemporains de la crue<\/strong><\/p>\n<p>Dans l&rsquo;\u00e9mission radio d&rsquo;Andr\u00e9 Gillois, ci-dessous, intitul\u00e9e \u00ab\u00a0Soyez t\u00e9moins\u00a0\u00bb, diffus\u00e9e en 1956, des contemporains de 1910 racontent leurs souvenirs. Ces t\u00e9moignages sont \u00e0 \u00e9couter en longueur dans l&rsquo;archive audio ci-dessous.<\/p>\n","protected":false},"excerpt":{"rendered":"L&rsquo;ACTU. Du 13 au 17 octobre 2025, la pr\u00e9fecture de police de Paris m\u00e8ne un exercice \u00e0 l&rsquo;\u00e9chelle&hellip;\n","protected":false},"author":2,"featured_media":460017,"comment_status":"","ping_status":"","sticky":false,"template":"","format":"standard","meta":{"footnotes":""},"categories":[1888],"tags":[1111,1928,11,1927,1777,674,1011,27,12,1926,626,1925,25],"class_list":{"0":"post-460016","1":"post","2":"type-post","3":"status-publish","4":"format-standard","5":"has-post-thumbnail","7":"category-paris","8":"tag-actu","9":"tag-actu-paris","10":"tag-actualites","11":"tag-actualites-paris","12":"tag-eu","13":"tag-europe","14":"tag-fr","15":"tag-france","16":"tag-news","17":"tag-news-paris","18":"tag-paris","19":"tag-paris-news","20":"tag-republique-francaise"},"share_on_mastodon":{"url":"https:\/\/pubeurope.com\/@fr\/115367258748942600","error":""},"_links":{"self":[{"href":"https:\/\/www.europesays.com\/fr\/wp-json\/wp\/v2\/posts\/460016","targetHints":{"allow":["GET"]}}],"collection":[{"href":"https:\/\/www.europesays.com\/fr\/wp-json\/wp\/v2\/posts"}],"about":[{"href":"https:\/\/www.europesays.com\/fr\/wp-json\/wp\/v2\/types\/post"}],"author":[{"embeddable":true,"href":"https:\/\/www.europesays.com\/fr\/wp-json\/wp\/v2\/users\/2"}],"replies":[{"embeddable":true,"href":"https:\/\/www.europesays.com\/fr\/wp-json\/wp\/v2\/comments?post=460016"}],"version-history":[{"count":0,"href":"https:\/\/www.europesays.com\/fr\/wp-json\/wp\/v2\/posts\/460016\/revisions"}],"wp:featuredmedia":[{"embeddable":true,"href":"https:\/\/www.europesays.com\/fr\/wp-json\/wp\/v2\/media\/460017"}],"wp:attachment":[{"href":"https:\/\/www.europesays.com\/fr\/wp-json\/wp\/v2\/media?parent=460016"}],"wp:term":[{"taxonomy":"category","embeddable":true,"href":"https:\/\/www.europesays.com\/fr\/wp-json\/wp\/v2\/categories?post=460016"},{"taxonomy":"post_tag","embeddable":true,"href":"https:\/\/www.europesays.com\/fr\/wp-json\/wp\/v2\/tags?post=460016"}],"curies":[{"name":"wp","href":"https:\/\/api.w.org\/{rel}","templated":true}]}}