{"id":460018,"date":"2025-10-13T14:10:49","date_gmt":"2025-10-13T14:10:49","guid":{"rendered":"https:\/\/www.europesays.com\/fr\/460018\/"},"modified":"2025-10-13T14:10:49","modified_gmt":"2025-10-13T14:10:49","slug":"marie-alix-jeanson-familles-nombreuses-prete-a-demenager-de-paris-pour-une-autre-ville-elle-se-confie","status":"publish","type":"post","link":"https:\/\/www.europesays.com\/fr\/460018\/","title":{"rendered":"Marie-Alix Jeanson (Familles nombreuses) pr\u00eate \u00e0 d\u00e9m\u00e9nager de Paris pour une autre ville, elle se confie"},"content":{"rendered":"<p class=\"articleContent-meta\">\n        Aujourd&rsquo;hui \u00e0 15:53 &#8211; par             Sorelle Spet<\/p>\n<p>                    Tweeter<\/p>\n<p>                    Partager sur Facebook<\/p>\n<p>                        <img decoding=\"async\" src=\"https:\/\/www.europesays.com\/fr\/wp-content\/uploads\/2025\/10\/familles-nombreuses-la-vie-en-xxl-la-famille-jeanson.jpg\" alt=\"Player Video\" class=\"player-applyRatio poster exclude-seedtag\"\/><\/p>\n<p>Dimanche 12 octobre, au cours d\u2019une foire aux questions en story Instagram, Marie-Alix Jeanson a \u00e9voqu\u00e9 un possible d\u00e9m\u00e9nagement dans les mois \u00e0 venir.<\/p>\n<p>R\u00e9v\u00e9l\u00e9s dans le docu-r\u00e9alit\u00e9 Familles nombreuses : la vie en XXL, les Jeanson ont particuli\u00e8rement retenu l\u2019attention des t\u00e9l\u00e9spectateurs en raison de <a href=\"https:\/\/www.programme.tv\/news\/tele-realite\/263032-ils-vivent-au-gre-de-leurs-mutations-marie-alix-jeanson-familles-nombreuses-se-confie-sur-les-relations-complexes-de-son-mari-militaire-alexandre-avec-ses-proches\/\" target=\"_blank\" rel=\"noopener\">leur rythme de vie\u2026 mouvement\u00e9<\/a>. En effet, la tribu dirig\u00e9e par Alexandre et Marie-Alix est ce qu\u2019on appelle une globetrotteuse. En raison de <a href=\"https:\/\/www.programme.tv\/news\/tele-realite\/216650-famille-jeanson-familles-nombreuses-quel-est-le-metier-dalexandre-le-mari-de-marie-alix-qui-implique-un-demenagement-tous-les-2-ans\/\" target=\"_blank\" rel=\"noopener\">la profession du p\u00e8re de famille<\/a>, le clan a d\u00e9m\u00e9nag\u00e9 de nombreuses fois au gr\u00e9 des <a href=\"https:\/\/www.programme.tv\/news\/tele-realite\/229357-on-est-appeles-a-servir-a-letranger-alexandre-jeanson-familles-nombreuses-en-dit-plus-sur-son-metier-de-militaire-dans-les-troupes-de-marines\/\" target=\"_blank\" rel=\"noopener\">mutations de celui-ci<\/a>. En 2022, les Jeanson faisaient leurs adieux au docu-r\u00e9alit\u00e9 de TF1, en posant leurs valises sur l\u2019\u00eele de La R\u00e9union. Apr\u00e8s <a href=\"https:\/\/www.programme.tv\/news\/tele-realite\/233935-c-est-le-grand-depart-marie-alix-jeanson-familles-nombreuses-annonce-officiellement-qu-elle-a-quitte-la-reunion\/\" target=\"_blank\" rel=\"noopener\">deux ann\u00e9es inoubliables<\/a>, Alexandre, Marie-Alix et leurs cinq enfants ont retrouv\u00e9 la m\u00e9tropole et surtout la capitale qui leur est si ch\u00e8re\u2026 malgr\u00e9 ses quelques inconv\u00e9nients. \u00ab\u00a0On avait oubli\u00e9 \u00e0 quel point Paris est bruyant. [&#8230;] Il faut qu\u2019on se r\u00e9habitue, mais c\u2019est vrai que c\u2019est du bruit en permanence : klaxons, sir\u00e8nes, transports, les gens qui crient ou chantent, ambulances, travaux, \u00e9boueurs\u2026 C\u2019est sans cesse !\u00a0\u00bb, d\u00e9plorait la cr\u00e9atrice de contenus, le 27 ao\u00fbt dernier.<\/p>\n<p>                                Marie-Alix Jeanson (Familles nombreuses) envisage-t-elle un \u00e9ni\u00e8me d\u00e9m\u00e9nagement ?<\/p>\n<p>Si les Jeanson se sont parfaitement r\u00e9habitu\u00e9s \u00e0 l\u2019agitation de la vie parisienne, les abonn\u00e9s Instagram de Marie-Alix ne peuvent s\u2019emp\u00eacher de s\u2019interroger sur le futur de la tribu. Ce 12 octobre, les internautes ont donc profit\u00e9 de la foire aux questions lanc\u00e9e par Marie-Alix pour obtenir quelques r\u00e9ponses : \u00ab\u00a0Resterez-vous encore longtemps \u00e0 Paris ?\u00a0\u00bb \u00ab\u00a0Absolument aucune id\u00e9e\u00a0\u00bb, a d\u2019abord confi\u00e9 l\u2019\u00e9pouse d\u2019Alexandre. Avant d\u2019ajouter : \u00ab\u00a0<b>On peut partir l\u2019\u00e9t\u00e9 prochain comme dans plusieurs ann\u00e9es.<\/b>\u00a0\u00bb Mais visiblement, la r\u00e9ponse relativement vague de l\u2019influenceuse n\u2019a pas satisfait ses fans qui l\u2019ont relanc\u00e9e sur le sujet : \u00ab\u00a0Les \u00e9tudes des grands vont-elles ralentir vos expatriations afin de rester aupr\u00e8s d\u2019eux ?\u00a0\u00bb \u00ab\u00a0<b>Apr\u00e8s onze d\u00e9m\u00e9nagements en 20 ans, dont trois hors m\u00e9tropole, nous aspirons vraiment \u00e0 poser nos valises et nos cartons pour plusieurs ann\u00e9es<\/b>\u00ab\u00a0, a confi\u00e9 Marie-Alix. Avant d\u2019ajouter : \u00ab\u00a0<b>Notre souhait le plus cher serait d\u2019acheter notre maison principale. Les enfants grandissent et les mutations sont moins simples. [&#8230;] Et nous, parents, nous avons le m\u00eame souhait !<\/b>\u00ab\u00a0<\/p>\n<p>                Marie-Alix Jeanson (Familles nombreuses) aspire \u00e0 plus de stabilit\u00e9<\/p>\n<p>Dans cette m\u00eame session questions-r\u00e9ponses, Marie-Alix a tenu \u00e0 pr\u00e9ciser qu\u2019elle ne regrettait pour rien au monde d\u2019avoir v\u00e9cu tous ces changements au cours de ces vingt derni\u00e8res ann\u00e9es\u2026 Simplement, la m\u00e8re de famille et son \u00e9poux aspirent d\u00e9sormais \u00e0 plus de stabilit\u00e9. Mais les parents de cinq enfants le savent : le m\u00e9tier d\u2019Alexandre peut leur r\u00e9server bien des surprises ! \u00ab\u00a0<b>Nous n\u2019avons aucun regret sur la vie si riche que nous avons eue. [&#8230;] On verra ce que la vie nous r\u00e9serve !<\/b>\u00ab\u00a0, a conclu Marie-Alix.<\/p>\n<p>Article \u00e9crit avec la collaboration de 6Medias.<\/p>\n<p>Rejoignez-nous sur Google News !<\/p>\n<p class=\"articleContent-pushTagline\">Abonnez-vous \u00e0 <a href=\"https:\/\/news.google.com\/publications\/CAAiEJwr-IZFXDFoZD1ePbkC_VcqFAgKIhCcK_iGRVwxaGQ9Xj25Av1X\" target=\"_blank\" rel=\"noopener\">T\u00e9l\u00e9 2 semaines sur Google News<\/a> pour ne manquer aucune info !<\/p>\n","protected":false},"excerpt":{"rendered":"Aujourd&rsquo;hui \u00e0 15:53 &#8211; par Sorelle Spet Tweeter Partager sur Facebook Dimanche 12 octobre, au cours d\u2019une foire&hellip;\n","protected":false},"author":2,"featured_media":460019,"comment_status":"","ping_status":"","sticky":false,"template":"","format":"standard","meta":{"footnotes":""},"categories":[1888],"tags":[1111,1928,11,1927,1777,674,652,58477,4980,1011,27,12,1926,626,1925,25,682,199,3604],"class_list":{"0":"post-460018","1":"post","2":"type-post","3":"status-publish","4":"format-standard","5":"has-post-thumbnail","7":"category-paris","8":"tag-actu","9":"tag-actu-paris","10":"tag-actualites","11":"tag-actualites-paris","12":"tag-eu","13":"tag-europe","14":"tag-famille","15":"tag-famille-jeanson","16":"tag-familles-nombreuses-la-vie-en-xxl","17":"tag-fr","18":"tag-france","19":"tag-news","20":"tag-news-paris","21":"tag-paris","22":"tag-paris-news","23":"tag-republique-francaise","24":"tag-tele-realite","25":"tag-tf1","26":"tag-tu00e9lu00e9-ru00e9alitu00e9"},"share_on_mastodon":{"url":"https:\/\/pubeurope.com\/@fr\/115367267096493454","error":""},"_links":{"self":[{"href":"https:\/\/www.europesays.com\/fr\/wp-json\/wp\/v2\/posts\/460018","targetHints":{"allow":["GET"]}}],"collection":[{"href":"https:\/\/www.europesays.com\/fr\/wp-json\/wp\/v2\/posts"}],"about":[{"href":"https:\/\/www.europesays.com\/fr\/wp-json\/wp\/v2\/types\/post"}],"author":[{"embeddable":true,"href":"https:\/\/www.europesays.com\/fr\/wp-json\/wp\/v2\/users\/2"}],"replies":[{"embeddable":true,"href":"https:\/\/www.europesays.com\/fr\/wp-json\/wp\/v2\/comments?post=460018"}],"version-history":[{"count":0,"href":"https:\/\/www.europesays.com\/fr\/wp-json\/wp\/v2\/posts\/460018\/revisions"}],"wp:featuredmedia":[{"embeddable":true,"href":"https:\/\/www.europesays.com\/fr\/wp-json\/wp\/v2\/media\/460019"}],"wp:attachment":[{"href":"https:\/\/www.europesays.com\/fr\/wp-json\/wp\/v2\/media?parent=460018"}],"wp:term":[{"taxonomy":"category","embeddable":true,"href":"https:\/\/www.europesays.com\/fr\/wp-json\/wp\/v2\/categories?post=460018"},{"taxonomy":"post_tag","embeddable":true,"href":"https:\/\/www.europesays.com\/fr\/wp-json\/wp\/v2\/tags?post=460018"}],"curies":[{"name":"wp","href":"https:\/\/api.w.org\/{rel}","templated":true}]}}