{"id":460024,"date":"2025-10-13T14:14:30","date_gmt":"2025-10-13T14:14:30","guid":{"rendered":"https:\/\/www.europesays.com\/fr\/460024\/"},"modified":"2025-10-13T14:14:30","modified_gmt":"2025-10-13T14:14:30","slug":"a-bord-dun-awacs-avion-sentinelle-de-lotan-sur-le-flanc-est-de-leurope-face-aux-incursions-de-drones-russes","status":"publish","type":"post","link":"https:\/\/www.europesays.com\/fr\/460024\/","title":{"rendered":"A bord d\u2019un Awacs, avion sentinelle de l\u2019OTAN sur le flanc est de l\u2019Europe face aux incursions de drones russes"},"content":{"rendered":"\n<p class=\"article__paragraph article__paragraph--lf \">Dans les trav\u00e9es de l\u2019Awacs, un \u00e9norme avion de commandement et de contr\u00f4le que la France met r\u00e9guli\u00e8rement \u00e0 contribution pour la surveillance du flanc est de l\u2019Europe, les regards sont concentr\u00e9s, en ce lundi 29\u00a0septembre, face aux \u00e9crans bard\u00e9s d\u2019une myriade de points lumineux. A l\u2019int\u00e9rieur de l\u2019appareil, \u00e0 bord duquel Le\u00a0Monde a pu exceptionnellement embarquer, aucun hublot ne permet d\u2019apercevoir l\u2019ext\u00e9rieur. Les oreilles des op\u00e9rateurs, elles, sont riv\u00e9es sur les huit conversations simultan\u00e9es, diffus\u00e9es en continu dans une phras\u00e9ologie bourr\u00e9e de noms de code et d\u2019acronymes.<\/p>\n<p>                                  <img viewbox=\"0 0 664 443\"   width=\"664\" height=\"443\" alt=\"Vue depuis le poste de pilotage lors du d\u00e9collage d\u2019un Awacs de la base d\u2019Avord (Cher), le 29\u00a0septembre 2025.\"\/>    Vue depuis le poste de pilotage lors du d\u00e9collage d\u2019un Awacs de la base d\u2019Avord (Cher), le 29\u00a0septembre 2025.  GUILLAUME HERBAUT POUR \u00ab\u00a0LE MONDE\u00a0\u00bb                        <\/p>\n<p class=\"article__paragraph article__paragraph--lf \">En pratique, il ne s\u2019agit, ce jour-l\u00e0, que d\u2019un simple exercice au-dessus de la France et de la c\u00f4te Atlantique, pour la quinzaine d\u2019op\u00e9rateurs ultrasp\u00e9cialis\u00e9s de l\u2019Awacs. Mais celui-ci, baptis\u00e9 Volfa, est le plus grand, chaque ann\u00e9e, de l\u2019arm\u00e9e de l\u2019air et de l\u2019espace. \u00ab\u00a0On est tr\u00e8s regard\u00e9s\u00a0\u00bb, a pr\u00e9venu, aux aurores, le lieutenant-colonel C\u00e9dric, commandant de l\u2019escadre, charg\u00e9 de diriger l\u2019entra\u00eenement, en r\u00e9f\u00e9rence aux pays \u00ab\u00a0comp\u00e9titeurs\u00a0\u00bb de la France \u2013 Russie en t\u00eate \u2013 qui d\u00e9ploient souvent des moyens d\u2019observation des man\u0153uvres militaires fran\u00e7aises.<\/p>\n<p class=\"article__paragraph article__paragraph--lf \">Jusqu\u2019au 9\u00a0octobre, Volfa r\u00e9unit quelque 1\u00a0000\u00a0aviateurs et 50\u00a0a\u00e9ronefs, dont des chasseurs de pays alli\u00e9s, comme le Royaume-Uni, la Gr\u00e8ce ou l\u2019Italie. Cette ann\u00e9e, l\u2019exercice s\u2019est en outre greff\u00e9 \u00e0 d\u2019autres entra\u00eenements importants de la marine et de l\u2019arm\u00e9e de terre. Le but\u00a0: servir de r\u00e9p\u00e9tition g\u00e9n\u00e9rale au sc\u00e9nario de simulation d\u2019une guerre majeure qui attend l\u2019ensemble des arm\u00e9es fran\u00e7aises, pendant plusieurs mois, en\u00a02026. Il est baptis\u00e9 \u00ab\u00a0Orion\u00a0\u00bb et ce sera sa deuxi\u00e8me \u00e9dition.<\/p>\n<p class=\"reading-mode-only \"><strong>Il vous reste 78.22% de cet article \u00e0 lire. La suite est r\u00e9serv\u00e9e aux abonn\u00e9s.<\/strong><\/p>\n","protected":false},"excerpt":{"rendered":"Dans les trav\u00e9es de l\u2019Awacs, un \u00e9norme avion de commandement et de contr\u00f4le que la France met r\u00e9guli\u00e8rement&hellip;\n","protected":false},"author":2,"featured_media":460025,"comment_status":"","ping_status":"","sticky":false,"template":"","format":"standard","meta":{"footnotes":""},"categories":[1591],"tags":[11,1887,12,1885,1886,132],"class_list":{"0":"post-460024","1":"post","2":"type-post","3":"status-publish","4":"format-standard","5":"has-post-thumbnail","7":"category-russie","8":"tag-actualites","9":"tag-federation-de-russie","10":"tag-news","11":"tag-russia","12":"tag-russian-federation","13":"tag-russie"},"share_on_mastodon":{"url":"https:\/\/pubeurope.com\/@fr\/115367278302583635","error":""},"_links":{"self":[{"href":"https:\/\/www.europesays.com\/fr\/wp-json\/wp\/v2\/posts\/460024","targetHints":{"allow":["GET"]}}],"collection":[{"href":"https:\/\/www.europesays.com\/fr\/wp-json\/wp\/v2\/posts"}],"about":[{"href":"https:\/\/www.europesays.com\/fr\/wp-json\/wp\/v2\/types\/post"}],"author":[{"embeddable":true,"href":"https:\/\/www.europesays.com\/fr\/wp-json\/wp\/v2\/users\/2"}],"replies":[{"embeddable":true,"href":"https:\/\/www.europesays.com\/fr\/wp-json\/wp\/v2\/comments?post=460024"}],"version-history":[{"count":0,"href":"https:\/\/www.europesays.com\/fr\/wp-json\/wp\/v2\/posts\/460024\/revisions"}],"wp:featuredmedia":[{"embeddable":true,"href":"https:\/\/www.europesays.com\/fr\/wp-json\/wp\/v2\/media\/460025"}],"wp:attachment":[{"href":"https:\/\/www.europesays.com\/fr\/wp-json\/wp\/v2\/media?parent=460024"}],"wp:term":[{"taxonomy":"category","embeddable":true,"href":"https:\/\/www.europesays.com\/fr\/wp-json\/wp\/v2\/categories?post=460024"},{"taxonomy":"post_tag","embeddable":true,"href":"https:\/\/www.europesays.com\/fr\/wp-json\/wp\/v2\/tags?post=460024"}],"curies":[{"name":"wp","href":"https:\/\/api.w.org\/{rel}","templated":true}]}}