{"id":460026,"date":"2025-10-13T14:15:13","date_gmt":"2025-10-13T14:15:13","guid":{"rendered":"https:\/\/www.europesays.com\/fr\/460026\/"},"modified":"2025-10-13T14:15:13","modified_gmt":"2025-10-13T14:15:13","slug":"apres-gaza-friedrich-merz-exhorte-donald-trump-a-mettre-fin-a-la-guerre-en-ukraine","status":"publish","type":"post","link":"https:\/\/www.europesays.com\/fr\/460026\/","title":{"rendered":"Apr\u00e8s Gaza, Friedrich Merz exhorte Donald Trump \u00e0 \u00abmettre fin \u00e0 la guerre\u00bb en Ukraine"},"content":{"rendered":"<p>\n    Le chancelier allemand appelle \u00e0 renforcer la coop\u00e9ration internationale pour avancer vers une paix durable, saluant le r\u00f4le de m\u00e9diateur de Trump au Proche-Orient.<\/p>\n<p class=\"fig-paragraph\">Le chancelier allemand va relancer lundi 13 octobre Donald Trump sur le conflit ukrainien, \u00abpour voir ce que l&rsquo;on peut faire ensemble pour mettre fin \u00e0 la guerre\u00bb, apr\u00e8s le cessez-le-feu obtenu \u00e0\u00a0<a href=\"https:\/\/video.lefigaro.fr\/figaro\/international\/donald-trump-evoque-un-triomphe-incroyable-pour-israel-et-le-monde-apres-le-cessez-le-feu-a-gaza-20251013\" data-fig-type=\"Video\" data-gtm-custom-categorie=\"navigation\" data-gtm-custom-action=\"crossclick\" data-gtm-custom-label=\"Contextuel\" data-gtm-event=\"customEventSPE\" data-fig-domain=\"LEFIGARO\" rel=\"nofollow noopener\" target=\"_blank\">Gaza<\/a>.<\/p>\n<p class=\"fig-paragraph\">\u00abNous comptons (&#8230;) sur le soutien et l&rsquo;aide durable des \u00c9tats-Unis. Tout comme vous l&rsquo;avez d\u00e9montr\u00e9 dans cette r\u00e9gion (Proche-Orient, ndlr), vous devez \u00e9galement le d\u00e9montrer avec nous en Ukraine et vis-\u00e0-vis de la Russie\u00bb, a d\u00e9clar\u00e9 Friedrich Merz, devant des journalistes, en marge du grand sommet autour de Donald Trump sur l&rsquo;avenir de la bande de Gaza Charm el-Cheikh, en \u00c9gypte. \u00abSi la communaut\u00e9 internationale fait front commun, c\u2019est possible\u00bb d\u2019arriver \u00e0 la paix, a encore estim\u00e9 le dirigeant allemand.<\/p>\n<p>                                    <a class=\"fig-a11y-skip a11y-hidden\" href=\"#fig-a11y-skip-main-inarticle\"><br \/>\n        Passer la publicit\u00e9<br \/>\n    <\/a><\/p>\n<p class=\"fig-paragraph\">Le pr\u00e9sident ukrainien\u00a0<a href=\"http:\/\/www.lefigaro.fr\/international\/volodymyr-zelensky-et-donald-trump-se-parlent-au-telephone-apres-l-attaque-russe-sur-le-reseau-electrique-ukrainien-20251011\" data-fig-type=\"NewsFlash\" data-gtm-custom-categorie=\"navigation\" data-gtm-custom-action=\"crossclick\" data-gtm-custom-label=\"Contextuel\" data-gtm-event=\"customEventSPE\" data-fig-domain=\"LEFIGARO\" rel=\"nofollow noopener\" target=\"_blank\">Volodymyr Zelensky<\/a>\u00a0a de son c\u00f4t\u00e9 estim\u00e9 que le cessez-le-feu obtenu \u00e0 Gaza donnait \u00abdavantage d\u2019espoir pour la paix\u00bb en Ukraine, o\u00f9 le dirigeant am\u00e9ricain ambitionne aussi de jouer un r\u00f4le de m\u00e9diateur avec Moscou.<\/p>\n<p class=\"fig-paragraph\">\u00abLorsqu\u2019on parvient \u00e0 la paix dans une partie du monde, cela apporte davantage d\u2019espoir pour la paix dans d\u2019autres r\u00e9gions\u00bb, a indiqu\u00e9 Volodymyr Zelensky sur Facebook. \u00abLe leadership et la d\u00e9termination des acteurs mondiaux peuvent certainement fonctionner pour nous aussi en Ukraine\u00bb, a-t-il ajout\u00e9.<\/p>\n<p><strong>Soutien majeur de l\u2019Ukraine<\/strong><\/p>\n<p class=\"fig-paragraph\">Donald Trump, qui ambitionnait lors de son retour au pouvoir en janvier de mettre fin rapidement \u00e0 la guerre en Ukraine, a depuis reconnu que cet objectif s\u2019est av\u00e9r\u00e9 plus difficile qu\u2019esp\u00e9r\u00e9.<\/p>\n<p class=\"fig-paragraph\">La Russie et l\u2019Ukraine ont tenu cette ann\u00e9e sous l\u2019impulsion de Washington plusieurs sessions de n\u00e9gociations directes \u00e0\u00a0<a href=\"http:\/\/www.lefigaro.fr\/arts-expositions\/a-istanbul-la-biennale-de-gaza-celebre-la-vie-malgre-l-horreur-de-la-guerre-20251005\" data-fig-type=\"Article\" data-gtm-custom-categorie=\"navigation\" data-gtm-custom-action=\"crossclick\" data-gtm-custom-label=\"Contextuel\" data-gtm-event=\"customEventSPE\" data-fig-domain=\"LEFIGARO\" rel=\"nofollow noopener\" target=\"_blank\">Istanbul<\/a>, mais celles-ci n\u2019ont d\u00e9bouch\u00e9 que sur des accords d\u2019\u00e9change de prisonniers et de d\u00e9pouilles de soldats tu\u00e9s. Plus de trois ans et demi apr\u00e8s le d\u00e9but de l\u2019invasion russe, les conditions des deux camps pour conclure la paix, instaurer un cessez-le-feu ou organiser une rencontre entre leurs dirigeants continuent d\u2019\u00eatre diam\u00e9tralement oppos\u00e9es.<\/p>\n<p class=\"fig-paragraph\">Donald Trump a assur\u00e9 dimanche qu\u2019il pourrait menacer le pr\u00e9sident russe Vladimir Poutine de livrer \u00e0 Kiev des missiles de croisi\u00e8re Tomahawk si la Russie n\u2019acceptait pas de mettre fin \u00e0 la guerre d\u00e9clench\u00e9e en 2022.<\/p>\n<p>                                    <a class=\"fig-a11y-skip a11y-hidden\" href=\"#fig-a11y-skip-main-inarticle_mtf\"><br \/>\n        Passer la publicit\u00e9<br \/>\n    <\/a><\/p>\n<p class=\"fig-paragraph\">Les \u00c9tats-Unis sont un soutien majeur de l\u2019Ukraine, ayant fourni \u00e0 Kiev depuis plus de trois ans des dizaines de milliards d\u2019euros de mat\u00e9riel militaire et partageant avec Kiev les renseignements qui lui sont n\u00e9cessaires pour combattre.<\/p>\n","protected":false},"excerpt":{"rendered":"Le chancelier allemand appelle \u00e0 renforcer la coop\u00e9ration internationale pour avancer vers une paix durable, saluant le r\u00f4le&hellip;\n","protected":false},"author":2,"featured_media":460027,"comment_status":"","ping_status":"","sticky":false,"template":"","format":"standard","meta":{"footnotes":""},"categories":[1590],"tags":[11,75,1777,674,4710,665,12,220],"class_list":{"0":"post-460026","1":"post","2":"type-post","3":"status-publish","4":"format-standard","5":"has-post-thumbnail","7":"category-ukraine","8":"tag-actualites","9":"tag-donald-trump","10":"tag-eu","11":"tag-europe","12":"tag-friedrich-merz","13":"tag-gaza","14":"tag-news","15":"tag-ukraine"},"share_on_mastodon":{"url":"https:\/\/pubeurope.com\/@fr\/115367282271534280","error":""},"_links":{"self":[{"href":"https:\/\/www.europesays.com\/fr\/wp-json\/wp\/v2\/posts\/460026","targetHints":{"allow":["GET"]}}],"collection":[{"href":"https:\/\/www.europesays.com\/fr\/wp-json\/wp\/v2\/posts"}],"about":[{"href":"https:\/\/www.europesays.com\/fr\/wp-json\/wp\/v2\/types\/post"}],"author":[{"embeddable":true,"href":"https:\/\/www.europesays.com\/fr\/wp-json\/wp\/v2\/users\/2"}],"replies":[{"embeddable":true,"href":"https:\/\/www.europesays.com\/fr\/wp-json\/wp\/v2\/comments?post=460026"}],"version-history":[{"count":0,"href":"https:\/\/www.europesays.com\/fr\/wp-json\/wp\/v2\/posts\/460026\/revisions"}],"wp:featuredmedia":[{"embeddable":true,"href":"https:\/\/www.europesays.com\/fr\/wp-json\/wp\/v2\/media\/460027"}],"wp:attachment":[{"href":"https:\/\/www.europesays.com\/fr\/wp-json\/wp\/v2\/media?parent=460026"}],"wp:term":[{"taxonomy":"category","embeddable":true,"href":"https:\/\/www.europesays.com\/fr\/wp-json\/wp\/v2\/categories?post=460026"},{"taxonomy":"post_tag","embeddable":true,"href":"https:\/\/www.europesays.com\/fr\/wp-json\/wp\/v2\/tags?post=460026"}],"curies":[{"name":"wp","href":"https:\/\/api.w.org\/{rel}","templated":true}]}}