{"id":460034,"date":"2025-10-13T14:19:21","date_gmt":"2025-10-13T14:19:21","guid":{"rendered":"https:\/\/www.europesays.com\/fr\/460034\/"},"modified":"2025-10-13T14:19:21","modified_gmt":"2025-10-13T14:19:21","slug":"leurope-dechiree-entre-la-protection-des-enfants-et-la-vie-privee","status":"publish","type":"post","link":"https:\/\/www.europesays.com\/fr\/460034\/","title":{"rendered":"l&rsquo;Europe d\u00e9chir\u00e9e entre la protection des enfants et la vie priv\u00e9e"},"content":{"rendered":"<p>Alors que le Conseil de l\u2019Union europ\u00e9enne devait \u00e9tudier le 14 octobre le <a href=\"https:\/\/eur-lex.europa.eu\/legal-content\/EN\/TXT\/?uri=celex:52022PC0209\" target=\"_blank\" rel=\"noopener\">r\u00e8glement \u00ab\u00a0Child Sexual Abuse Regulation\u00a0\u00bb<\/a> (CSAR), surnomm\u00e9 \u00ab\u00a0<strong>Chat Control<\/strong>\u00ab\u00a0, le texte suscite une controverse in\u00e9dite.<\/p>\n<p>Pr\u00e9sent\u00e9 comme un <strong>outil de lutte contre les abus sexuels sur mineurs en ligne<\/strong>, il pr\u00e9voit de rendre obligatoire le scan automatique des messages et fichiers \u00e9chang\u00e9s sur les messageries, y compris celles chiffr\u00e9es de bout en bout comme <strong>Signal<\/strong> ou <strong>WhatsApp<\/strong>.<\/p>\n<p>Mais ses d\u00e9tracteurs y voient une porte ouverte \u00e0 la surveillance de masse et une <strong>menace directe pour la vie priv\u00e9e<\/strong> des citoyens europ\u00e9ens\u2026<\/p>\n<p>Un projet pour lutter contre la p\u00e9docriminalit\u00e9 en ligne<\/p>\n<p>Imagin\u00e9 <a href=\"https:\/\/siecledigital.fr\/2022\/05\/12\/commission-europeenne-une-proposition-de-loi-contre-la-pedopornographie-inquiete-les-defenseurs-de-la-vie-privee-sur-internet\/\" target=\"_blank\" rel=\"noopener\">en 2022 par la commissaire europ\u00e9enne<\/a> <strong>Ylva Johansson<\/strong>, le r\u00e8glement vise \u00e0 cr\u00e9er un cadre commun dans l\u2019Union europ\u00e9enne pour d\u00e9tecter et signaler les contenus p\u00e9dopornographiques.<\/p>\n<p>Aujourd\u2019hui, seules quelques plateformes signalent volontairement ces contenus \u00e0 des autorit\u00e9s am\u00e9ricaines, via le <strong>National Center for Missing and Exploited Children<\/strong> (NCMEC). Avec Chat Control, Bruxelles souhaite instaurer un centre europ\u00e9en et rendre cette d\u00e9tection obligatoire pour tous les services op\u00e9rant dans l\u2019UE.<\/p>\n<p>Le dispositif cl\u00e9 du projet repose sur le \u00ab\u00a0client-side scanning\u00ab\u00a0, un algorithme qui analyserait automatiquement les photos, les vid\u00e9os et les messages directement sur les appareils des utilisateurs, avant m\u00eame qu\u2019ils ne soient chiffr\u00e9s.<\/p>\n<p>L\u2019objectif, selon la Commission europ\u00e9enne, est d\u2019<strong>emp\u00eacher la circulation de contenus p\u00e9docriminels<\/strong> sans compromettre le chiffrement des communications une fois envoy\u00e9es.<\/p>\n<p>Un risque de d\u00e9rive vers la surveillance g\u00e9n\u00e9ralis\u00e9e&amp;nbsp?<\/p>\n<p>Si la d\u00e9marche est salu\u00e9e par des associations de la protection de l\u2019enfance r\u00e9unies <a href=\"https:\/\/www.securiteenfantseneurope.com\/\" target=\"_blank\" rel=\"noopener\">au sein de la campagne ChildSafetyON<\/a>, pour une large partie de la soci\u00e9t\u00e9 civile, le projet franchit une ligne rouge. ONG, experts en cybers\u00e9curit\u00e9 et \u00e9lus europ\u00e9ens d\u00e9noncent un texte \u00ab\u00a0liberticide\u00a0\u00bb et \u00ab\u00a0inefficace\u00ab\u00a0.<\/p>\n<p>Dans un <a href=\"https:\/\/signal.org\/blog\/pdfs\/upload-moderation.pdf\" target=\"_blank\" rel=\"noopener\">communiqu\u00e9<\/a>, la Fondation Signal, par la voix de sa pr\u00e9sidente <strong>Meredith Whittaker<\/strong>, estime qu\u2019il est m\u00eame <strong>impossible de pr\u00e9server le chiffrement<\/strong>, tout en ouvrant une porte d\u00e9rob\u00e9e. Selon elle, affaiblir le chiffrement revient \u00e0 <strong>rendre l\u2019ensemble des citoyens vuln\u00e9rables<\/strong> aux cybercriminels et aux ing\u00e9rences \u00e9trang\u00e8res.<\/p>\n<p>Les critiques portent aussi sur le risque d\u2019erreurs des algorithmes et sur les atteintes au secret professionnel, comme les m\u00e9decins, les avocats ou les journalistes ne pourraient plus garantir la confidentialit\u00e9 de leurs \u00e9changes.<\/p>\n<p>Des p\u00e9titions en ligne, <a href=\"http:\/\/stopchatcontrol.fr\/\" target=\"_blank\" rel=\"noopener\">comme celle du collectif fran\u00e7ais StopChatControl<\/a>, alertent sur \u00ab\u00a0la fin de la vie priv\u00e9e en Europe\u00a0\u00bb et ont d\u00e9j\u00e0 recueilli <strong>plus de 80 000 signatures<\/strong> \u00e0 ce jour.<\/p>\n<p>Face \u00e0 ces divisions, plusieurs \u00c9tats membres, dont l\u2019Allemagne et les Pays-Bas, ont demand\u00e9 le retrait du texte de l\u2019ordre du jour du Conseil. Une d\u00e9cision qui repousse son adoption et illustre la fracture profonde entre les pays qui pr\u00f4nent la s\u00e9curit\u00e9 des enfants et ceux d\u00e9fendant les libert\u00e9s num\u00e9riques\u2026<\/p>\n","protected":false},"excerpt":{"rendered":"Alors que le Conseil de l\u2019Union europ\u00e9enne devait \u00e9tudier le 14 octobre le r\u00e8glement \u00ab\u00a0Child Sexual Abuse Regulation\u00a0\u00bb&hellip;\n","protected":false},"author":2,"featured_media":460035,"comment_status":"","ping_status":"","sticky":false,"template":"","format":"standard","meta":{"footnotes":""},"categories":[1586],"tags":[11,654,1777,674,1011,27,12,25],"class_list":{"0":"post-460034","1":"post","2":"type-post","3":"status-publish","4":"format-standard","5":"has-post-thumbnail","7":"category-europe","8":"tag-actualites","9":"tag-donnees-personnelles","10":"tag-eu","11":"tag-europe","12":"tag-fr","13":"tag-france","14":"tag-news","15":"tag-republique-francaise"},"share_on_mastodon":{"url":"https:\/\/pubeurope.com\/@fr\/115367297953633280","error":""},"_links":{"self":[{"href":"https:\/\/www.europesays.com\/fr\/wp-json\/wp\/v2\/posts\/460034","targetHints":{"allow":["GET"]}}],"collection":[{"href":"https:\/\/www.europesays.com\/fr\/wp-json\/wp\/v2\/posts"}],"about":[{"href":"https:\/\/www.europesays.com\/fr\/wp-json\/wp\/v2\/types\/post"}],"author":[{"embeddable":true,"href":"https:\/\/www.europesays.com\/fr\/wp-json\/wp\/v2\/users\/2"}],"replies":[{"embeddable":true,"href":"https:\/\/www.europesays.com\/fr\/wp-json\/wp\/v2\/comments?post=460034"}],"version-history":[{"count":0,"href":"https:\/\/www.europesays.com\/fr\/wp-json\/wp\/v2\/posts\/460034\/revisions"}],"wp:featuredmedia":[{"embeddable":true,"href":"https:\/\/www.europesays.com\/fr\/wp-json\/wp\/v2\/media\/460035"}],"wp:attachment":[{"href":"https:\/\/www.europesays.com\/fr\/wp-json\/wp\/v2\/media?parent=460034"}],"wp:term":[{"taxonomy":"category","embeddable":true,"href":"https:\/\/www.europesays.com\/fr\/wp-json\/wp\/v2\/categories?post=460034"},{"taxonomy":"post_tag","embeddable":true,"href":"https:\/\/www.europesays.com\/fr\/wp-json\/wp\/v2\/tags?post=460034"}],"curies":[{"name":"wp","href":"https:\/\/api.w.org\/{rel}","templated":true}]}}