{"id":460036,"date":"2025-10-13T14:20:18","date_gmt":"2025-10-13T14:20:18","guid":{"rendered":"https:\/\/www.europesays.com\/fr\/460036\/"},"modified":"2025-10-13T14:20:18","modified_gmt":"2025-10-13T14:20:18","slug":"jai-eu-des-moments-douloureux-un-ancien-diable-rouge-se-confie-sur-son-aventure-en-selection-tout-le-foot","status":"publish","type":"post","link":"https:\/\/www.europesays.com\/fr\/460036\/","title":{"rendered":"\u00ab\u00a0J&rsquo;ai eu des moments douloureux\u00a0\u00bb : un ancien Diable rouge se confie sur son aventure en s\u00e9lection &#8211; Tout le foot"},"content":{"rendered":"<p>Gilles De Bilde a pris part \u00e0 un total de 25 matchs avec les Diables Rouges entre 1994 et 2000. L&rsquo;ancien Diable rouge est revenu sur son parcours en s\u00e9lection.<\/p>\n<p>Il se souvient de sa premi\u00e8re s\u00e9lection : \u00ab\u00a0Ce qui reste grav\u00e9 dans ma m\u00e9moire, c\u2019est le coup de t\u00e9l\u00e9phone de Paul Van Himst, alors s\u00e9lectionneur, pour m\u2019annoncer que j\u2019\u00e9tais repris en \u00e9quipe nationale. Aujourd\u2019hui, quand le s\u00e9lectionneur appelle, c\u2019est pour vous annoncer que vous n\u2019\u00eates pas convoqu\u00e9.\u00a0\u00bb<\/p>\n<p>\u00ab\u00a0Il y a des rumeurs qui circulaient. Michel Sablon, alors assistant de Paul Van Himst, \u00e9tait originaire du m\u00eame village que ma femme. Et le bruit courait dans le village que j\u2019allais \u00eatre Diable rouge\u00a0\u00bb, explique-t-il au micro de Sudinfo.<\/p>\n<p>Il a malgr\u00e9 tout \u00e9t\u00e9 surpris : \u00ab\u00a0Mais j\u2019ai quand m\u00eame \u00e9t\u00e9 surpris par le coup de t\u00e9l\u00e9phone de Van Himst. Je venais de commencer \u00e0 jouer en premi\u00e8re division avec Alost. L\u2019\u00e9quipe tournait bien, on gagnait beaucoup de matchs et je marquais beaucoup de buts. Mais de l\u00e0 \u00e0 penser que j\u2019allais int\u00e9grer les Diables rouges\u2026 C\u2019\u00e9tait surr\u00e9aliste.\u00a0\u00bb<\/p>\n<blockquote class=\"blockquote\"><p>J\u2019ai eu de tr\u00e8s chouettes moments en \u00e9quipe nationale. J\u2019en ai eu de plus douloureux<\/p><\/blockquote>\n<p>Son regard sur sa carri\u00e8re chez les Diables Rouges est double : \u00ab\u00a0J\u2019ai eu de tr\u00e8s chouettes moments en \u00e9quipe nationale. J\u2019en ai eu de plus douloureux. Surtout avec Georges Leekens. Avec le temps, on retient davantage le positif. J\u2019ai quand m\u00eame particip\u00e9 \u00e0 l\u2019Euro 2000, m\u00eame si je n\u2019ai pas beaucoup jou\u00e9 en tant que doublure d\u2019Emile Mpenza. Il y a aussi eu cette victoire en Italie lors d\u2019un amical.\u00a0\u00bb<\/p>\n<p>\u00ab\u00a0C\u2019est marrant parce que j\u2019ai reparl\u00e9 de ce match avec Yves Vanderhaeghe, qui \u00e9tait aussi sur le terrain, lors d\u2019un souper des anciens d\u2019Alost il y a quelques jours. En revoyant la composition de l\u2019Italie, c\u2019\u00e9tait quand m\u00eame quelque chose\u00a0\u00bb, conclut <a href=\"https:\/\/www.walfoot.be\/belgique\/de-bilde-gilles\" rel=\"nofollow noopener\" target=\"_blank\">Gilles De Bilde<\/a>.<\/p>\n","protected":false},"excerpt":{"rendered":"Gilles De Bilde a pris part \u00e0 un total de 25 matchs avec les Diables Rouges entre 1994&hellip;\n","protected":false},"author":2,"featured_media":460037,"comment_status":"","ping_status":"","sticky":false,"template":"","format":"standard","meta":{"footnotes":""},"categories":[1586],"tags":[11,1777,674,1779,1011,27,12,25,1778,364],"class_list":{"0":"post-460036","1":"post","2":"type-post","3":"status-publish","4":"format-standard","5":"has-post-thumbnail","7":"category-europe","8":"tag-actualites","9":"tag-eu","10":"tag-europe","11":"tag-european-union","12":"tag-fr","13":"tag-france","14":"tag-news","15":"tag-republique-francaise","16":"tag-ue","17":"tag-union-europeenne"},"share_on_mastodon":{"url":"https:\/\/pubeurope.com\/@fr\/115367301940109220","error":""},"_links":{"self":[{"href":"https:\/\/www.europesays.com\/fr\/wp-json\/wp\/v2\/posts\/460036","targetHints":{"allow":["GET"]}}],"collection":[{"href":"https:\/\/www.europesays.com\/fr\/wp-json\/wp\/v2\/posts"}],"about":[{"href":"https:\/\/www.europesays.com\/fr\/wp-json\/wp\/v2\/types\/post"}],"author":[{"embeddable":true,"href":"https:\/\/www.europesays.com\/fr\/wp-json\/wp\/v2\/users\/2"}],"replies":[{"embeddable":true,"href":"https:\/\/www.europesays.com\/fr\/wp-json\/wp\/v2\/comments?post=460036"}],"version-history":[{"count":0,"href":"https:\/\/www.europesays.com\/fr\/wp-json\/wp\/v2\/posts\/460036\/revisions"}],"wp:featuredmedia":[{"embeddable":true,"href":"https:\/\/www.europesays.com\/fr\/wp-json\/wp\/v2\/media\/460037"}],"wp:attachment":[{"href":"https:\/\/www.europesays.com\/fr\/wp-json\/wp\/v2\/media?parent=460036"}],"wp:term":[{"taxonomy":"category","embeddable":true,"href":"https:\/\/www.europesays.com\/fr\/wp-json\/wp\/v2\/categories?post=460036"},{"taxonomy":"post_tag","embeddable":true,"href":"https:\/\/www.europesays.com\/fr\/wp-json\/wp\/v2\/tags?post=460036"}],"curies":[{"name":"wp","href":"https:\/\/api.w.org\/{rel}","templated":true}]}}