{"id":460038,"date":"2025-10-13T14:21:12","date_gmt":"2025-10-13T14:21:12","guid":{"rendered":"https:\/\/www.europesays.com\/fr\/460038\/"},"modified":"2025-10-13T14:21:12","modified_gmt":"2025-10-13T14:21:12","slug":"lactrice-anouk-grinberg-depose-plainte-contre-lavocat-de-gerard-depardieu-mediapart","status":"publish","type":"post","link":"https:\/\/www.europesays.com\/fr\/460038\/","title":{"rendered":"L\u2019actrice Anouk Grinberg d\u00e9pose plainte contre l\u2019avocat de G\u00e9rard Depardieu &#8211; Mediapart"},"content":{"rendered":"<ol>\n<li><a href=\"https:\/\/news.google.com\/rss\/articles\/CBMivwFBVV95cUxPZXFLOWpzQ3B1RkZRWXc2UVFWZ25Od0piNThQUnlqUENOanNLMTJZZGVnNVBnRURVOU1odzFFdTNzRkFxTW01Z09XdGtPcllERzVjWTEtU015QWJnV3NEVkpUWE1JS3VjZTViUEVJUzBON2N3a3gzM2t4V0JuMnMwOENFM0V6UVJLcjlWZGFfSzNmcThCVzg0bmJTLXNISkR0a3JoV1BkUkZhTVJ5UTJ1TVo4ajZ5dl9rZWl5dHUwNA?oc=5\" target=\"_blank\" rel=\"noopener\">L\u2019actrice Anouk Grinberg d\u00e9pose plainte contre l\u2019avocat de G\u00e9rard Depardieu<\/a>&nbsp;&nbsp;Mediapart<\/li>\n<li><a href=\"https:\/\/news.google.com\/rss\/articles\/CBMikgJBVV95cUxOb0Y3X2FkUGNkVGFETXVzcWtkcjdDamxsMXQxTmJlMkI2MGJaWnVYR21iQjRsZ3dxbXNPeTdIU0RyQUNNd3FpNTZTUHVsTTEzU0JDQUZPc2NRenhvc0Z3QmxkMXNxeTVmYTdSYkxpbDVVOFd0ZFZPWXRjUlEwQ3Y2b1N1QzRvZGcyNHZNd2YtYlg0NS1QdzZVdWRZd3UwWlEtZjBNeUF3dGhJQ2RkZldHLXhtUUFsWnFNZnZkRG1ybDNjZ1JBOHkwcU5Hd3ZsS0NKcWF0cnNpcERmTlJ2RFd6TjlveGZ5VlNKOTNuQWptMk9xcHdYWUVOeGFZRzU0S2J4MTB2RDl2UnZBQ3Rfa0lsTVNB?oc=5\" target=\"_blank\" rel=\"noopener\">L\u2019actrice Anouk Grinberg d\u00e9pose plainte aupr\u00e8s de l\u2019ordre des avocats de Paris contre le conseil de G\u00e9rard Depardieu<\/a>&nbsp;&nbsp;Le Monde.fr<\/li>\n<li><a href=\"https:\/\/news.google.com\/rss\/articles\/CBMizAFBVV95cUxNNDF0YVdzVXExU1QwQkE5dDdkalhhR0dGeUFrdXdjVWdTTnVzVVNpSHE5VXVUa2IwRjlDeHlpMkEtaEIxMUwtX1NDNzBQTnZtVVZaZlBlaFRVcTdFTWpMZXI2d1pfSkdYVmc4NkdIYjM1dXA0c0hxckxuNkR1aVEyRGdZSkRhWDNtWlFHQW91LU8zc1RFdV9xV1lzcnk2cldwNnpsak8zTl8zSnAtWHFPemVhS3lqdWRuOEZVdF8wdmFROWtQcGgtNW5OeEQ?oc=5\" target=\"_blank\" rel=\"noopener\">EXCLUSIF. Un signalement d\u2019Anouk Grinberg contre J\u00e9r\u00e9mie Assous, l\u2019avocat de G\u00e9rard Depardieu<\/a>&nbsp;&nbsp;ELLE<\/li>\n<li><a href=\"https:\/\/news.google.com\/rss\/articles\/CBMi0wFBVV95cUxOZzVZLTM5RWNCLVpxb0hoUmdrdlJwUTBQYzBrSE1UYmZZUE5TLTlIN2N4LS16b3VfNnJlc09QLVhBMWE2QmMwTFB5YndjZ0JfRjRJbXpmWEIxUUZFbml2MWNoT0lGMmlyeURUZjF4TmpxeFZJSWNKaElJUXVjWU1rWlFGaS1TT1k3dnNzaHFUOFdWZzlGLVBMekZwOEhMaFZMQlpyTUpnalA5QWk3eGNvT0cxa0hIaEdYR2Nmd01HUkZhaGJ6dmdEYkdUb3JNWVpKaGhz?oc=5\" target=\"_blank\" rel=\"noopener\">Pourquoi l\u2019actrice Anouk Grinberg d\u00e9pose plainte contre l\u2019avocat de Depardieu, J\u00e9r\u00e9mie Assous<\/a>&nbsp;&nbsp;L&rsquo;Humanit\u00e9<\/li>\n<li><a href=\"https:\/\/news.google.com\/rss\/articles\/CBMiiAJBVV95cUxPUW5JSlNOeFlVVDY4cDROX2lfSFQxM0dHRy05R0k1M2k3VGVlRW5RdG10OENKcV9yclZiX29xWkxuaklUX0NZa3dFcnl1cS1wdy1vaGJiSmMwS3NRZEtEYUw0SktwV0UteE10UkgtU2F5QWFxMkdSU0VEYnFXaFNJeUlYOS1ZNFZlTW50YXl5VWlpWkREZWJDRjdtLW5Zbk1HclhPN3hOc2lvWjBPUk9CNnZBOHl0QjRRdlBjdTlkZmVab19vSzFDUXU4N0F0U1l3WkVUSVBjZzNkZ0g5U3dQeFQzZ1I2LUNrbUVrLU13NU5ITTQxZ3RUakZUZUNwcnNyTDY1S3BORXE?oc=5\" target=\"_blank\" rel=\"noopener\">Le barreau de Paris ouvre une enqu\u00eate d\u00e9ontologique sur J\u00e9r\u00e9mie Assous, l\u2019avocat de Depardieu<\/a>&nbsp;&nbsp;Lib\u00e9ration<\/li>\n<\/ol>\n","protected":false},"excerpt":{"rendered":"L\u2019actrice Anouk Grinberg d\u00e9pose plainte contre l\u2019avocat de G\u00e9rard Depardieu&nbsp;&nbsp;Mediapart L\u2019actrice Anouk Grinberg d\u00e9pose plainte aupr\u00e8s de l\u2019ordre&hellip;\n","protected":false},"author":2,"featured_media":460039,"comment_status":"","ping_status":"","sticky":false,"template":"","format":"standard","meta":{"footnotes":""},"categories":[2],"tags":[11,1449,1011,27,302,26490,12,25,304,799],"class_list":{"0":"post-460038","1":"post","2":"type-post","3":"status-publish","4":"format-standard","5":"has-post-thumbnail","7":"category-actualites","8":"tag-actualites","9":"tag-anouk-grinberg","10":"tag-fr","11":"tag-france","12":"tag-gerard-depardieu","13":"tag-jeremie-assous","14":"tag-news","15":"tag-republique-francaise","16":"tag-violences-sexistes-et-sexuelles","17":"tag-violences-sexuelles"},"share_on_mastodon":{"url":"https:\/\/pubeurope.com\/@fr\/115367305779486806","error":""},"_links":{"self":[{"href":"https:\/\/www.europesays.com\/fr\/wp-json\/wp\/v2\/posts\/460038","targetHints":{"allow":["GET"]}}],"collection":[{"href":"https:\/\/www.europesays.com\/fr\/wp-json\/wp\/v2\/posts"}],"about":[{"href":"https:\/\/www.europesays.com\/fr\/wp-json\/wp\/v2\/types\/post"}],"author":[{"embeddable":true,"href":"https:\/\/www.europesays.com\/fr\/wp-json\/wp\/v2\/users\/2"}],"replies":[{"embeddable":true,"href":"https:\/\/www.europesays.com\/fr\/wp-json\/wp\/v2\/comments?post=460038"}],"version-history":[{"count":0,"href":"https:\/\/www.europesays.com\/fr\/wp-json\/wp\/v2\/posts\/460038\/revisions"}],"wp:featuredmedia":[{"embeddable":true,"href":"https:\/\/www.europesays.com\/fr\/wp-json\/wp\/v2\/media\/460039"}],"wp:attachment":[{"href":"https:\/\/www.europesays.com\/fr\/wp-json\/wp\/v2\/media?parent=460038"}],"wp:term":[{"taxonomy":"category","embeddable":true,"href":"https:\/\/www.europesays.com\/fr\/wp-json\/wp\/v2\/categories?post=460038"},{"taxonomy":"post_tag","embeddable":true,"href":"https:\/\/www.europesays.com\/fr\/wp-json\/wp\/v2\/tags?post=460038"}],"curies":[{"name":"wp","href":"https:\/\/api.w.org\/{rel}","templated":true}]}}