{"id":460048,"date":"2025-10-13T14:27:13","date_gmt":"2025-10-13T14:27:13","guid":{"rendered":"https:\/\/www.europesays.com\/fr\/460048\/"},"modified":"2025-10-13T14:27:13","modified_gmt":"2025-10-13T14:27:13","slug":"alexandre-muller-battu-au-premier-tour-a-stockholm-par-miomir-kecmanovic-lequipe","status":"publish","type":"post","link":"https:\/\/www.europesays.com\/fr\/460048\/","title":{"rendered":"Alexandre M\u00fcller battu au premier tour \u00e0 Stockholm par Miomir Kecmanovic &#8211; L&#039;\u00c9quipe"},"content":{"rendered":"<ol>\n<li><a href=\"https:\/\/news.google.com\/rss\/articles\/CBMivgFBVV95cUxPdXFzSXktVWFEaXhrcjV5eEFxRmdUczF4dUhGbGhYZ0h2bW5HekFkaUlMRFZJdHlqS1ZYYU9SY3dxT1NBVE9MR3BEclRDWTVlcWhFX0g0MVkwbmw3WXRwTmd6cHg2c3RmRy1feFlFRjhyMVZxLUljblRQQWhTMC1iUEVybHBpdkJ0S3BRX3BoMDd0RS0tWV90VFF2ajI4QVAtNXJqZDc5U3lkNHM3Qm9EZTVFWlB3MXd4anNJOFpB?oc=5\" target=\"_blank\" rel=\"nofollow noopener\">Alexandre M\u00fcller battu au premier tour \u00e0 Stockholm par Miomir Kecmanovic<\/a>&nbsp;&nbsp;L&rsquo;\u00c9quipe<\/li>\n<li><a href=\"https:\/\/news.google.com\/rss\/articles\/CBMinAFBVV95cUxQTTdrVHZPUlQzLXA0V3ljcUZHMXhYc1NKTWpYbFRYbEsxZkxHNXZWYlNTVzA2TWZud1dyTzl2dVVnNE84M0lIUGRtN3QzbGJ4WE1Mdl93eGJHdFdVSzM3blhMa0gtTUdUdUlsZVNSYWFCWkU1d0dwUkY4a2pmM3VLOE95MjdVR0Q0enhPOTRaRkIzLUMtalVvUmZPUkbSAZsBQVVfeXFMTXVzbkM5M1ZiVXZKUHkwb1hlRDhFeDFUdk93UEJ4U2xOOWt3eUdjQUNCVlE5bXpRM1ktYm9CQVYzc20xVlJHSjJUTGFIckxjR0I5TnRLX1ptZnptX3VNUDdXOGdTUU9VOWlCZlA2RzE4SVFxUTlBMjQ4YjVQNjBXdFhSWEhlS0tUTVdOSXNGb1hIUXFFM0EwcExjWUE?oc=5\" target=\"_blank\" rel=\"nofollow noopener\">ATP &#8211; Stockholm : M\u00fcller dans le dur<\/a>&nbsp;&nbsp;Orange Actualit\u00e9s | Sports<\/li>\n<li><a href=\"https:\/\/news.google.com\/rss\/articles\/CBMisgFBVV95cUxPX0pZOUFvemhLaFpoandCNXhRM3BKRlNvRnFWS2oyU3RJWU9tZURTZVJMZzRmNm55VzNualhJV0dfTDlaRXFVN2wxa3hNTkZuYzA3azhoczVoVjNqMGxRV3VFZGRoMFVRSHFVdVhZSjE5X25SVzAwZnFTUFM1aFBDLTB5TzRKUGVISnhvLTJrRmxON2hPT0Y4NUU2dWZ6ZGlVYmxiX3BNdGlSTTM0d2ExNTlR?oc=5\" target=\"_blank\" rel=\"nofollow noopener\">Miomir Kecmanovic &#8211; Alexandre Muller en direct &#8211; Stockholm Men&rsquo;s Singles &#8211; : Tennis Scores &amp; R\u00e9sultats &#8211; 15\/10\/2025<\/a>&nbsp;&nbsp;Eurosport<\/li>\n<li><a href=\"https:\/\/news.google.com\/rss\/articles\/CBMiowFBVV95cUxOM3lUelBVeGRhRXBYcThodVFXMjlqc0NSVU80VTkzSWpBQXdfQkI5eWNKekdjYW9KemxzRzRtTXl0b0xVenB2M1Z0ZFc1MUJ4SWRDeVFWWjVrWV9zc0NiMkdYMnNkXzdLT3NqSGZYMHpGZ09LY280N0dXenJFWUF0WEt1MEFTamdONVAtU3YyYWdRR0JhRVNkelFLQno2alNoSlBR?oc=5\" target=\"_blank\" rel=\"nofollow noopener\">ATP 250 Stockholm : le tableau complet avec Rune, Humbert, Ruud\u2026<\/a>&nbsp;&nbsp;Univers Tennis<\/li>\n<li><a href=\"https:\/\/news.google.com\/rss\/articles\/CBMihAFBVV95cUxNVi1xeWlXQUxVUFIxdkFxb3AtenlTRjVlZmEweVZGNEY4QXU1bm1JZUlmd19pUmlTWnd0ODgwY19CX0NYUTdSNWpIamhXLWtjYkp6ZTFQc2k1TzVOc2pyZ3ZmLVZZWjgwQmIzTlp2SmNvVGlNdVRqXzlzWV96Y0dXZnFweUs?oc=5\" target=\"_blank\" rel=\"nofollow noopener\">Apr\u00e8s les cousins Vacherot-Rinderknech, place \u00e0 un duel fraternel \u00e0 Stockholm<\/a>&nbsp;&nbsp;Tennis Temple<\/li>\n<\/ol>\n","protected":false},"excerpt":{"rendered":"Alexandre M\u00fcller battu au premier tour \u00e0 Stockholm par Miomir Kecmanovic&nbsp;&nbsp;L&rsquo;\u00c9quipe ATP &#8211; Stockholm : M\u00fcller dans le&hellip;\n","protected":false},"author":2,"featured_media":460049,"comment_status":"","ping_status":"","sticky":false,"template":"","format":"standard","meta":{"footnotes":""},"categories":[1415],"tags":[1011,27,60,1467],"class_list":{"0":"post-460048","1":"post","2":"type-post","3":"status-publish","4":"format-standard","5":"has-post-thumbnail","7":"category-tennis","8":"tag-fr","9":"tag-france","10":"tag-sports","11":"tag-tennis"},"share_on_mastodon":{"url":"https:\/\/pubeurope.com\/@fr\/115367329336696074","error":""},"_links":{"self":[{"href":"https:\/\/www.europesays.com\/fr\/wp-json\/wp\/v2\/posts\/460048","targetHints":{"allow":["GET"]}}],"collection":[{"href":"https:\/\/www.europesays.com\/fr\/wp-json\/wp\/v2\/posts"}],"about":[{"href":"https:\/\/www.europesays.com\/fr\/wp-json\/wp\/v2\/types\/post"}],"author":[{"embeddable":true,"href":"https:\/\/www.europesays.com\/fr\/wp-json\/wp\/v2\/users\/2"}],"replies":[{"embeddable":true,"href":"https:\/\/www.europesays.com\/fr\/wp-json\/wp\/v2\/comments?post=460048"}],"version-history":[{"count":0,"href":"https:\/\/www.europesays.com\/fr\/wp-json\/wp\/v2\/posts\/460048\/revisions"}],"wp:featuredmedia":[{"embeddable":true,"href":"https:\/\/www.europesays.com\/fr\/wp-json\/wp\/v2\/media\/460049"}],"wp:attachment":[{"href":"https:\/\/www.europesays.com\/fr\/wp-json\/wp\/v2\/media?parent=460048"}],"wp:term":[{"taxonomy":"category","embeddable":true,"href":"https:\/\/www.europesays.com\/fr\/wp-json\/wp\/v2\/categories?post=460048"},{"taxonomy":"post_tag","embeddable":true,"href":"https:\/\/www.europesays.com\/fr\/wp-json\/wp\/v2\/tags?post=460048"}],"curies":[{"name":"wp","href":"https:\/\/api.w.org\/{rel}","templated":true}]}}