{"id":460054,"date":"2025-10-13T14:31:12","date_gmt":"2025-10-13T14:31:12","guid":{"rendered":"https:\/\/www.europesays.com\/fr\/460054\/"},"modified":"2025-10-13T14:31:12","modified_gmt":"2025-10-13T14:31:12","slug":"geoffrey-bouchard-sarrete-la-actualite","status":"publish","type":"post","link":"https:\/\/www.europesays.com\/fr\/460054\/","title":{"rendered":"Geoffrey Bouchard s\u2019arr\u00eate l\u00e0 &#8211; Actualit\u00e9"},"content":{"rendered":"<p style=\"text-align: justify;\">Apr\u00e8s sept ann\u00e9es chez les professionnels,\u00a0<strong><a href=\"https:\/\/www.directvelo.com\/coureur\/3072\/geoffrey-bouchard\" target=\"_blank\" rel=\"noopener\">Geoffrey Bouchard<\/a><\/strong> annonce mettre un terme \u00e0 sa carri\u00e8re. L\u2019Is\u00e9rois \u00e9tait pass\u00e9 professionnel sur le tard, en 2019, \u00e0 26 ans.<\/p>\n<p>\u201cC\u2019est la fin d\u2019un chapitre incroyable pour moi. Je n\u2019\u00e9tais peut-\u00eatre pas le meilleur talent du peloton, mais gr\u00e2ce au travail, \u00e0 la d\u00e9termination et au courage, j\u2019ai su exploiter mon potentiel et r\u00e9aliser des r\u00eaves que je n\u2019aurais jamais pu imaginer\u201d, \u00e9crit-il sur Instagram.<\/p>\n<p>Son ann\u00e9e 2025 a \u00e9t\u00e9 marqu\u00e9e par deux chutes importantes, au\u00a0<strong><a href=\"https:\/\/www.directvelo.com\/actualite\/120564\/tour-ditalie-des-fractures-pour-geoffrey-bouchard\" target=\"_blank\" rel=\"noopener\">Tour d\u2019Italie<\/a><\/strong> et au <strong><a href=\"https:\/\/www.directvelo.com\/actualite\/123996\/une-fracture-pour-geoffrey-bouchard\" target=\"_blank\" rel=\"noopener\">Tour de Luxembourg<\/a><\/strong>.<\/p>\n<p>Le coureur de Decathlon AG2R La Mondiale compte \u00e0 son palmar\u00e8s\u00a0un succ\u00e8s chez les professionnels, une \u00e9tape du Tour des Alpes en 2022. Il a \u00e9galement remport\u00e9 le classement de la montagne de la Vuelta 2019 et du Giro 2021. Geoffrey Bouchard aura particip\u00e9 \u00e0 un Tour de France, trois Tours d\u2019Italie et quatre Tours d\u2019Espagne.<\/p>\n<p>Apr\u00e8s l\u2019UC Voiron, il avait port\u00e9 les couleurs du VC Vaulx-en-Velin et du CR4C Roanne. En 2018,\u00a0<strong><a href=\"https:\/\/www.directvelo.com\/challenge\/coureur\/2018\/10#challenge\" target=\"_blank\" rel=\"noopener\">il avait remport\u00e9 le Challenge DirectVelo Amateurs<\/a><\/strong> gr\u00e2ce \u00e0 onze succ\u00e8s, dont le titre de Champion de France, le Tour Alsace (2.2), le Tour de Moselle et le Tour du Beaujolais. Une saison exceptionnelle qui lui avait permis de rejoindre AG2R La Mondiale.<\/p>\n","protected":false},"excerpt":{"rendered":"Apr\u00e8s sept ann\u00e9es chez les professionnels,\u00a0Geoffrey Bouchard annonce mettre un terme \u00e0 sa carri\u00e8re. L\u2019Is\u00e9rois \u00e9tait pass\u00e9 professionnel&hellip;\n","protected":false},"author":2,"featured_media":460055,"comment_status":"","ping_status":"","sticky":false,"template":"","format":"standard","meta":{"footnotes":""},"categories":[1411],"tags":[834,828,836,829,837,827,83,826,824,823,1154,207,814,817,815,816,822,821,832,211,839,1011,27,820,818,819,835,831,830,833,838,60,212,208,825],"class_list":{"0":"post-460054","1":"post","2":"type-post","3":"status-publish","4":"format-standard","5":"has-post-thumbnail","7":"category-cyclisme","8":"tag-attaque","9":"tag-belgique","10":"tag-braquet","11":"tag-bretagne","12":"tag-chute","13":"tag-competition","14":"tag-coupe-de-france","15":"tag-coureur","16":"tag-course-cyclisme","17":"tag-course-cycliste","18":"tag-cycling","19":"tag-cyclisme","20":"tag-direct","21":"tag-direct-velo","22":"tag-directvelo","23":"tag-directvelo-com","24":"tag-epreuve","25":"tag-epreuve-cycliste","26":"tag-federation-francaise-de-cyclisme","27":"tag-ffc","28":"tag-flandres","29":"tag-fr","30":"tag-france","31":"tag-live","32":"tag-live-course","33":"tag-live-epreuve","34":"tag-peloton","35":"tag-radio-peloton","36":"tag-radio-tour","37":"tag-ravitaillement","38":"tag-relance","39":"tag-sports","40":"tag-uci","41":"tag-velo","42":"tag-velos"},"share_on_mastodon":{"url":"https:\/\/pubeurope.com\/@fr\/115367345217500451","error":""},"_links":{"self":[{"href":"https:\/\/www.europesays.com\/fr\/wp-json\/wp\/v2\/posts\/460054","targetHints":{"allow":["GET"]}}],"collection":[{"href":"https:\/\/www.europesays.com\/fr\/wp-json\/wp\/v2\/posts"}],"about":[{"href":"https:\/\/www.europesays.com\/fr\/wp-json\/wp\/v2\/types\/post"}],"author":[{"embeddable":true,"href":"https:\/\/www.europesays.com\/fr\/wp-json\/wp\/v2\/users\/2"}],"replies":[{"embeddable":true,"href":"https:\/\/www.europesays.com\/fr\/wp-json\/wp\/v2\/comments?post=460054"}],"version-history":[{"count":0,"href":"https:\/\/www.europesays.com\/fr\/wp-json\/wp\/v2\/posts\/460054\/revisions"}],"wp:featuredmedia":[{"embeddable":true,"href":"https:\/\/www.europesays.com\/fr\/wp-json\/wp\/v2\/media\/460055"}],"wp:attachment":[{"href":"https:\/\/www.europesays.com\/fr\/wp-json\/wp\/v2\/media?parent=460054"}],"wp:term":[{"taxonomy":"category","embeddable":true,"href":"https:\/\/www.europesays.com\/fr\/wp-json\/wp\/v2\/categories?post=460054"},{"taxonomy":"post_tag","embeddable":true,"href":"https:\/\/www.europesays.com\/fr\/wp-json\/wp\/v2\/tags?post=460054"}],"curies":[{"name":"wp","href":"https:\/\/api.w.org\/{rel}","templated":true}]}}