{"id":460062,"date":"2025-10-13T14:35:20","date_gmt":"2025-10-13T14:35:20","guid":{"rendered":"https:\/\/www.europesays.com\/fr\/460062\/"},"modified":"2025-10-13T14:35:20","modified_gmt":"2025-10-13T14:35:20","slug":"lediteur-et-ecrivain-tom-leveque-vient-faire-aimer-les-livres-aux-ados-de-montmorillon","status":"publish","type":"post","link":"https:\/\/www.europesays.com\/fr\/460062\/","title":{"rendered":"l\u2019\u00e9diteur et \u00e9crivain Tom Lev\u00eaque vient faire aimer les livres aux ados de Montmorillon"},"content":{"rendered":"<p>Depuis lundi 29\u00a0septembre 2025, Montmorillon accueille en r\u00e9sidence d\u2019\u00e9criture Tom L\u00e9v\u00eaque, venu du\u00a0Havre. Son s\u00e9jour, qui va se prolonger jusqu\u2019au 24\u00a0octobre prochain, est port\u00e9 conjointement par la Ville de Montmorillon et la communaut\u00e9 de communes Vienne et Gartempe (CCVG). Ce jeune \u00e9crivain, le deuxi\u00e8me accueilli \u00e0 Montmorillon<a title=\"https:\/\/www.lanouvellerepublique.fr\/montmorillon\/montmorillon-l-auteur-de-bd-mathieu-siam-immerge-en-territoire-zero-chomeur\" target=\"_self\" href=\"https:\/\/www.lanouvellerepublique.fr\/montmorillon\/montmorillon-l-auteur-de-bd-mathieu-siam-immerge-en-territoire-zero-chomeur\" rel=\"noopener\"> apr\u00e8s l\u2019auteur illustrateur Mathieu Siam en 2024<\/a>, est un passionn\u00e9 de longue date de l\u2019\u00e9crit. \u00ab\u00a0J\u2019ai commenc\u00e9 \u00e0 \u00e9crire des histoires d\u00e8s l\u2019\u00e2ge de 6 ou 7\u00a0ans, t\u00e9moigne-t-il, mais j\u2019ai commenc\u00e9 ma carri\u00e8re professionnelle en \u00e9tant \u00e9diteur, et ce n\u2019est que depuis l\u2019\u00e9t\u00e9 2025 que je me consacre \u00e0 100\u00a0% \u00e0 l\u2019\u00e9criture.\u00a0\u00bb<\/p>\n<p>En tant qu\u2019\u00e9diteur, Tom L\u00e9v\u00eaque a d\u00e9j\u00e0 acquis une certaine notori\u00e9t\u00e9 en publiant, conjointement avec son fr\u00e8re Nathan, En qu\u00eate d\u2019un grand peut-\u00eatre, un guide de la litt\u00e9rature pour adolescents dont le tome\u00a02 doit para\u00eetre le 26\u00a0novembre. Et c\u2019est pr\u00e9cis\u00e9ment \u00e0 un roman pour ados que celui-ci s\u2019est d\u00e9sormais attel\u00e9, et dont il va poursuivre la r\u00e9daction dans les semaines qui viennent. Sous le titre\u00a0\u2013 non d\u00e9finitif\u00a0\u2013 de Lucas, Alo\u00efse et les autres, Tom L\u00e9v\u00eaque \u00e9voque les th\u00e8mes de l\u2019amour, mais aussi de la rupture. \u00ab\u00a0Je suis un grand romantique, confie-t-il. Et l\u2019adolescence est synonyme d\u2019intensit\u00e9 et de qu\u00eate initiatique.\u00a0\u00bb<\/p>\n<p>\u00ab\u00a0Les sensibiliser \u00e0 la question du point de vue\u00a0\u00bb<\/p>\n<p>En parall\u00e8le de son travail d\u2019\u00e9crivain, Tom L\u00e9v\u00eaque va aussi animer des ateliers en direction des publics adolescents. Sa r\u00e9sidence de cr\u00e9ation s\u2019inscrit en en effet \u00e9galement dans le cadre du Contrat Territoire Lecture port\u00e9 par la CCVG, avec le soutien de la Drac et du D\u00e9partement de la Vienne, dispositif\u00a0qui a aussi pour but la m\u00e9diation aupr\u00e8s des publics. Biblioth\u00e8ques et \u00e9tablissements scolaires du territoire sont donc associ\u00e9s \u00e0 l\u2019op\u00e9ration. Des ateliers sont pr\u00e9vus \u00e0 Saint-Savin (biblioth\u00e8que et coll\u00e8ge), Lussac-les-Ch\u00e2teaux (m\u00e9diath\u00e8que et coll\u00e8ge), Montmorillon (m\u00e9diath\u00e8que et Cit\u00e9 scolaire Jean-Moulin, lyc\u00e9e Raoul Mortier et lyc\u00e9e Jean-Marie-Bouloux).<\/p>\n<p>\u00ab\u00a0Au cours de ces ateliers, je voudrais amener les adolescents \u00e0 l\u2019\u00e9criture, \u00e0 la po\u00e9sie, \u00e0 les sensibiliser \u00e0 la question du point de vue\u00a0dans l\u2019\u00e9criture\u00a0\u00bb, explique le jeune auteur, \u00ab\u00a0mais aussi les faire parler de leurs lectures \u00bb.<\/p>\n<p>Les m\u00e9diath\u00e8ques de Montmorillon, Lussac-les-Ch\u00e2teaux, Civaux, L\u2019Isle-Jourdain, Saint-Savin et Verri\u00e8res proposeront aussi une s\u00e9lection d\u2019ouvrages de litt\u00e9rature pour ados issue de la liste des cent incontournables \u00e9tablies dans le guide de Tom et Nathan L\u00e9v\u00eaque.<\/p>\n","protected":false},"excerpt":{"rendered":"Depuis lundi 29\u00a0septembre 2025, Montmorillon accueille en r\u00e9sidence d\u2019\u00e9criture Tom L\u00e9v\u00eaque, venu du\u00a0Havre. Son s\u00e9jour, qui va se&hellip;\n","protected":false},"author":2,"featured_media":460063,"comment_status":"","ping_status":"","sticky":false,"template":"","format":"standard","meta":{"footnotes":""},"categories":[1357],"tags":[1392,1379,9332,58,1057,59,1011,27,1380,1393,27663,1584],"class_list":{"0":"post-460062","1":"post","2":"type-post","3":"status-publish","4":"format-standard","5":"has-post-thumbnail","7":"category-livres","8":"tag-a-la-une-local","9":"tag-books","10":"tag-centrepresse","11":"tag-divertissement","12":"tag-education","13":"tag-entertainment","14":"tag-fr","15":"tag-france","16":"tag-livres","17":"tag-loisirs","18":"tag-montmorillon","19":"tag-vienne"},"share_on_mastodon":{"url":"https:\/\/pubeurope.com\/@fr\/115367360938488211","error":""},"_links":{"self":[{"href":"https:\/\/www.europesays.com\/fr\/wp-json\/wp\/v2\/posts\/460062","targetHints":{"allow":["GET"]}}],"collection":[{"href":"https:\/\/www.europesays.com\/fr\/wp-json\/wp\/v2\/posts"}],"about":[{"href":"https:\/\/www.europesays.com\/fr\/wp-json\/wp\/v2\/types\/post"}],"author":[{"embeddable":true,"href":"https:\/\/www.europesays.com\/fr\/wp-json\/wp\/v2\/users\/2"}],"replies":[{"embeddable":true,"href":"https:\/\/www.europesays.com\/fr\/wp-json\/wp\/v2\/comments?post=460062"}],"version-history":[{"count":0,"href":"https:\/\/www.europesays.com\/fr\/wp-json\/wp\/v2\/posts\/460062\/revisions"}],"wp:featuredmedia":[{"embeddable":true,"href":"https:\/\/www.europesays.com\/fr\/wp-json\/wp\/v2\/media\/460063"}],"wp:attachment":[{"href":"https:\/\/www.europesays.com\/fr\/wp-json\/wp\/v2\/media?parent=460062"}],"wp:term":[{"taxonomy":"category","embeddable":true,"href":"https:\/\/www.europesays.com\/fr\/wp-json\/wp\/v2\/categories?post=460062"},{"taxonomy":"post_tag","embeddable":true,"href":"https:\/\/www.europesays.com\/fr\/wp-json\/wp\/v2\/tags?post=460062"}],"curies":[{"name":"wp","href":"https:\/\/api.w.org\/{rel}","templated":true}]}}