{"id":460111,"date":"2025-10-13T15:01:15","date_gmt":"2025-10-13T15:01:15","guid":{"rendered":"https:\/\/www.europesays.com\/fr\/460111\/"},"modified":"2025-10-13T15:01:15","modified_gmt":"2025-10-13T15:01:15","slug":"a-strasbourg-une-boutique-ephemere-avec-50-createurs-va-bientot-ouvrir","status":"publish","type":"post","link":"https:\/\/www.europesays.com\/fr\/460111\/","title":{"rendered":"\u00e0 Strasbourg, une boutique \u00e9ph\u00e9m\u00e8re avec 50 cr\u00e9ateurs va bient\u00f4t ouvrir"},"content":{"rendered":"<p>            Par<br \/>\n        <strong><br \/>\n            <a href=\"https:\/\/actu.fr\/auteur\/ivan-capecchi\" title=\"Consulter tous les articles de Ivan CAPECCHI\" target=\"_blank\" rel=\"noopener\">Ivan CAPECCHI<\/a><br \/>\n        <\/strong><\/p>\n<p>        Publi\u00e9 le<\/p>\n<p>            13 oct. 2025 \u00e0 16h29        <\/p>\n<p>Bijoux, c\u00e9ramiques, arts graphiques, marqueterie, mosa\u00efque, orf\u00e8vrerie, verrerie\u2026 \u00c0 partir de ce vendredi 17\u00a0octobre 2025 et jusqu\u2019au 3\u00a0janvier 2026, <strong>Oz<\/strong>, une <strong>boutique \u00e9ph\u00e9m\u00e8re<\/strong> r\u00e9unissant les produits de <strong>plus de 50 cr\u00e9ateurs<\/strong>, ouvrira au 4 rue de la Haute Mont\u00e9e, \u00e0 <strong>Strasbourg<\/strong>.<\/p>\n<p>Des cr\u00e9ateurs alsaciens mais pas que<\/p>\n<p class=\" wall-content\">Celle-ci comprendra \u00e9galement un<strong> espace galerie<\/strong>, vou\u00e9 \u00e0 accueillir des \u00ab\u2009pi\u00e8ces plus volumineuses et audacieuses\u2009\u00bb, de m\u00eame qu\u2019un<strong> espace atelier<\/strong>, \u00ab\u2009afin de permettre\u00a0aux cr\u00e9ateurs d\u2019en proposer\u2009\u00bb, d\u00e9taille Lucie, responsable du d\u00e9veloppement de cette boutique.<\/p>\n<p class=\" wall-content\">Les cr\u00e9ateurs repr\u00e9sent\u00e9s sont majoritairement issus de la <strong>r\u00e9gion<\/strong>, mais pas que. \u00ab\u2009Il\u00a0y en a aussi de toute la <strong>France<\/strong>, voire de <strong>l\u2019\u00e9tranger<\/strong> puisqu\u2019on aura une cr\u00e9atrice espagnole et un cr\u00e9ateur finlandais\u2009\u00bb, glisse Lucie.<\/p>\n<p>Une initiative de la F\u00e9d\u00e9ration des m\u00e9tiers d\u2019art d\u2019Alsace (Fr\u00e9maa)<\/p>\n<p class=\" wall-content\">Le projet est port\u00e9 par la <strong>F\u00e9d\u00e9ration des m\u00e9tiers d\u2019art d\u2019Alsace (Fr\u00e9maa)<\/strong>, qui, depuis des ann\u00e9es d\u00e9j\u00e0, ouvre, \u00e0 la p\u00e9riode de No\u00ebl, OZ, la boutique de No\u00ebl des m\u00e9tiers d\u2019art, au sein d\u2019une expo-vente organis\u00e9e \u00e0 la salle de l\u2019Aubette, place Kl\u00e9ber.<\/p>\n<p class=\" wall-content\">Cette ann\u00e9e donc, la Fr\u00e9maa a d\u00e9cid\u00e9 de doter la boutique d\u2019un espace \u00e0 part enti\u00e8re, mais l\u2019expo-vente aura toujours bien lieu <strong>du 12 au 22\u00a0d\u00e9cembre<\/strong> \u00e0 l\u2019\u00e9tage de l\u2019Aubette.<\/p>\n<p class=\" wall-content\">Personnalisez votre actualit\u00e9 en ajoutant vos villes et m\u00e9dias en favori avec <a href=\"https:\/\/moncompte.actu.fr\" title=\"D\u00e9couvez Mon Actu\" rel=\"nofollow noopener\" data-trk=\"{&quot;cta&quot;:{&quot;action&quot;:&quot;https:\\\/\\\/moncompte.actu.fr&quot;,&quot;category&quot;:&quot;mon compte&quot;,&quot;from&quot;:&quot;article footer&quot;,&quot;name&quot;:&quot;Mon actu&quot;,&quot;type&quot;:&quot;cta&quot;}}\" target=\"_blank\">Mon Actu<\/a>.<\/p>\n","protected":false},"excerpt":{"rendered":"Par Ivan CAPECCHI Publi\u00e9 le 13 oct. 2025 \u00e0 16h29 Bijoux, c\u00e9ramiques, arts graphiques, marqueterie, mosa\u00efque, orf\u00e8vrerie, verrerie\u2026&hellip;\n","protected":false},"author":2,"featured_media":460112,"comment_status":"","ping_status":"","sticky":false,"template":"","format":"standard","meta":{"footnotes":""},"categories":[2820],"tags":[1111,11,1477,1777,674,1011,27,775,1652,12,15830,25,640],"class_list":{"0":"post-460111","1":"post","2":"type-post","3":"status-publish","4":"format-standard","5":"has-post-thumbnail","7":"category-strasbourg","8":"tag-actu","9":"tag-actualites","10":"tag-artisanat","11":"tag-eu","12":"tag-europe","13":"tag-fr","14":"tag-france","15":"tag-grand-est","16":"tag-loisirs-culture","17":"tag-news","18":"tag-noel","19":"tag-republique-francaise","20":"tag-strasbourg"},"share_on_mastodon":{"url":"https:\/\/pubeurope.com\/@fr\/115367463206316099","error":""},"_links":{"self":[{"href":"https:\/\/www.europesays.com\/fr\/wp-json\/wp\/v2\/posts\/460111","targetHints":{"allow":["GET"]}}],"collection":[{"href":"https:\/\/www.europesays.com\/fr\/wp-json\/wp\/v2\/posts"}],"about":[{"href":"https:\/\/www.europesays.com\/fr\/wp-json\/wp\/v2\/types\/post"}],"author":[{"embeddable":true,"href":"https:\/\/www.europesays.com\/fr\/wp-json\/wp\/v2\/users\/2"}],"replies":[{"embeddable":true,"href":"https:\/\/www.europesays.com\/fr\/wp-json\/wp\/v2\/comments?post=460111"}],"version-history":[{"count":0,"href":"https:\/\/www.europesays.com\/fr\/wp-json\/wp\/v2\/posts\/460111\/revisions"}],"wp:featuredmedia":[{"embeddable":true,"href":"https:\/\/www.europesays.com\/fr\/wp-json\/wp\/v2\/media\/460112"}],"wp:attachment":[{"href":"https:\/\/www.europesays.com\/fr\/wp-json\/wp\/v2\/media?parent=460111"}],"wp:term":[{"taxonomy":"category","embeddable":true,"href":"https:\/\/www.europesays.com\/fr\/wp-json\/wp\/v2\/categories?post=460111"},{"taxonomy":"post_tag","embeddable":true,"href":"https:\/\/www.europesays.com\/fr\/wp-json\/wp\/v2\/tags?post=460111"}],"curies":[{"name":"wp","href":"https:\/\/api.w.org\/{rel}","templated":true}]}}