{"id":460151,"date":"2025-10-13T15:21:13","date_gmt":"2025-10-13T15:21:13","guid":{"rendered":"https:\/\/www.europesays.com\/fr\/460151\/"},"modified":"2025-10-13T15:21:13","modified_gmt":"2025-10-13T15:21:13","slug":"le-conseil-detat-met-fin-a-la-procedure-portant-sur-les-notes-de-frais-danne-hidalgo","status":"publish","type":"post","link":"https:\/\/www.europesays.com\/fr\/460151\/","title":{"rendered":"Le conseil d\u2019\u00c9tat met fin \u00e0 la proc\u00e9dure portant sur les notes de frais d\u2019Anne Hidalgo"},"content":{"rendered":"<p>Ils n\u2019auront pas gain de cause. Depuis cinq ans, <a href=\"https:\/\/union-parisienne.fr\/\" rel=\"nofollow noopener\" target=\"_blank\" class=\"c-link c-link--is-underlined\">l\u2019association UP\u00a0! <\/a>(F\u00e9d\u00e9ration union parisienne pour la sauvegarde de Paris) r\u00e9clame l\u2019int\u00e9gralit\u00e9 des <a href=\"https:\/\/www.20minutes.fr\/paris\/4178016-20251008-frais-mandat-vive-passe-armes-entre-anne-hidalgo-rachida-dati-conseil-paris\" class=\"c-link c-link--is-underlined\" rel=\"nofollow noopener\" target=\"_blank\">frais de repr\u00e9sentation<\/a>, de d\u00e9placement et de bouche d\u2019<a href=\"https:\/\/www.20minutes.fr\/dossier\/anne_hidalgo\" class=\"c-link c-link--is-underlined\" rel=\"nofollow noopener\" target=\"_blank\">Anne Hidalgo<\/a>, maire de <a href=\"https:\/\/www.20minutes.fr\/paris\/\" class=\"c-link c-link--is-underlined\" rel=\"nofollow noopener\" target=\"_blank\">Paris<\/a>, et des membres de son cabinet pour l\u2019ann\u00e9e\u00a02020. Sans succ\u00e8s selon nos confr\u00e8res du <a href=\"https:\/\/www.lefigaro.fr\/actualite-france\/cela-ne-fait-que-renforcer-notre-mefiance-le-conseil-d-etat-met-fin-a-la-procedure-portant-sur-les-notes-de-frais-d-anne-hidalgo-20251013\" rel=\"nofollow noopener\" target=\"_blank\" class=\"c-link c-link--is-underlined\">Figaro<\/a> qui indiquent ce lundi que la plus haute juridiction vient d\u2019enterrer leurs espoirs.<\/p>\n<p>Le Conseil d\u2019Etat vient de mettre un point final \u00e0 la proc\u00e9dure avec pour seule explication, selon le quotidien, une simple phrase\u00a0: \u00ab\u00a0Aucun de ces moyens n\u2019est de nature \u00e0 permettre l\u2019admission du pourvoi.\u00a0\u00bb L\u2019association, soutien de <a href=\"https:\/\/www.20minutes.fr\/politique\/rachida_dati\" class=\"c-link c-link--is-underlined\" rel=\"nofollow noopener\" target=\"_blank\">Rachida Dati<\/a>, entendait, depuis des ann\u00e9es, d\u00e9noncer la mauvaise gestion financi\u00e8re de la ville.<\/p>\n<p>UP\u00a0! s\u2019interroge sur l\u2019absence de notes de frais de restaurant<\/p>\n<p>Demandant les factures, UP\u00a0! avait saisi la Commission d\u2019acc\u00e8s aux documents administratifs (Cada), qui lui avait donn\u00e9 raison en\u00a02021. Deux ans plus tard, des factures lui \u00e9taient envoy\u00e9es. Mais selon l\u2019avocat de l\u2019association, Me Patrick Tabet, plusieurs factures \u00e9taient incompl\u00e8tes et aucune note de frais de restaurant n\u2019apparaissait dans ces derni\u00e8res, de quoi saisie le tribunal administratif de Paris.<\/p>\n<\/p>\n<p>Une absence justifi\u00e9e par la mairie par le fait qu\u2019Anne Hidalgo, ne recevait qu\u2019\u00e0 l\u2019H\u00f4tel de ville de Paris.<\/p>\n<p>Malgr\u00e9 la jurisprudence <a href=\"https:\/\/www.20minutes.fr\/paris\/4027261-20230310-paris-journaliste-rendez-anne-hidalgo-consulter-notes-frais\" class=\"c-link c-link--is-underlined\" rel=\"nofollow noopener\" target=\"_blank\">Stefan de Vries<\/a>, le journaliste n\u00e9erlandais qui s\u2019est battu pour consulter les notes de frais d\u2019Anne Hidalgo, brandie, l\u2019association et son avocat n\u2019auront pas les faveurs du Conseil d\u2019Etat.<\/p>\n<p>Sujet br\u00fblant<\/p>\n<p>Une deuxi\u00e8me d\u00e9convenue apr\u00e8s un premier rejet du tribunal administratif de Paris qui avait jug\u00e9 en\u00a02024 que la maire avait fait preuve de transparence.<\/p>\n<p>Le sujet est actuellement br\u00fblant apr\u00e8s les r\u00e9v\u00e9lations, par l\u2019association Transparence citoyenne et nos confr\u00e8res de Lib\u00e9ration, des <a href=\"https:\/\/www.20minutes.fr\/politique\/4176981-20251003-pantalon-ski-menu-enfant-bols-achats-defrayes-plus-etonnants-maires-arrondissement-paris\" target=\"_blank\" class=\"c-link c-link--is-underlined\" rel=\"nofollow noopener\">notes de frais des \u00e9lus parisiens<\/a> qui montrent des utilisations pour le moins surprenantes des enveloppes de frais qui leur sont allou\u00e9es. Sur ce sujet, Anne Hidalgo a annonc\u00e9 <a href=\"https:\/\/www.20minutes.fr\/paris\/4174138-20250919-apres-revelations-depenses-anne-hidalgo-depose-plainte-contre-x-denonciation-calomnieuse\" class=\"c-link c-link--is-underlined\" rel=\"nofollow noopener\" target=\"_blank\">porter plainte contre X pour d\u00e9nonciation calomnieuse<\/a>.<\/p>\n","protected":false},"excerpt":{"rendered":"Ils n\u2019auront pas gain de cause. Depuis cinq ans, l\u2019association UP\u00a0! (F\u00e9d\u00e9ration union parisienne pour la sauvegarde de&hellip;\n","protected":false},"author":2,"featured_media":460152,"comment_status":"","ping_status":"","sticky":false,"template":"","format":"standard","meta":{"footnotes":""},"categories":[1888],"tags":[11,2618,1261,2760,1777,674,1011,27,662,2381,12,626,417,1306,138,25],"class_list":{"0":"post-460151","1":"post","2":"type-post","3":"status-publish","4":"format-standard","5":"has-post-thumbnail","7":"category-paris","8":"tag-actualites","9":"tag-anne-hidalgo","10":"tag-argent","11":"tag-conseil-detat","12":"tag-eu","13":"tag-europe","14":"tag-fr","15":"tag-france","16":"tag-ile-de-france","17":"tag-mairie-de-paris","18":"tag-news","19":"tag-paris","20":"tag-rachida-dati","21":"tag-regions","22":"tag-remboursement","23":"tag-republique-francaise"},"share_on_mastodon":{"url":"https:\/\/pubeurope.com\/@fr\/115367541845316879","error":""},"_links":{"self":[{"href":"https:\/\/www.europesays.com\/fr\/wp-json\/wp\/v2\/posts\/460151","targetHints":{"allow":["GET"]}}],"collection":[{"href":"https:\/\/www.europesays.com\/fr\/wp-json\/wp\/v2\/posts"}],"about":[{"href":"https:\/\/www.europesays.com\/fr\/wp-json\/wp\/v2\/types\/post"}],"author":[{"embeddable":true,"href":"https:\/\/www.europesays.com\/fr\/wp-json\/wp\/v2\/users\/2"}],"replies":[{"embeddable":true,"href":"https:\/\/www.europesays.com\/fr\/wp-json\/wp\/v2\/comments?post=460151"}],"version-history":[{"count":0,"href":"https:\/\/www.europesays.com\/fr\/wp-json\/wp\/v2\/posts\/460151\/revisions"}],"wp:featuredmedia":[{"embeddable":true,"href":"https:\/\/www.europesays.com\/fr\/wp-json\/wp\/v2\/media\/460152"}],"wp:attachment":[{"href":"https:\/\/www.europesays.com\/fr\/wp-json\/wp\/v2\/media?parent=460151"}],"wp:term":[{"taxonomy":"category","embeddable":true,"href":"https:\/\/www.europesays.com\/fr\/wp-json\/wp\/v2\/categories?post=460151"},{"taxonomy":"post_tag","embeddable":true,"href":"https:\/\/www.europesays.com\/fr\/wp-json\/wp\/v2\/tags?post=460151"}],"curies":[{"name":"wp","href":"https:\/\/api.w.org\/{rel}","templated":true}]}}