{"id":460154,"date":"2025-10-13T15:23:16","date_gmt":"2025-10-13T15:23:16","guid":{"rendered":"https:\/\/www.europesays.com\/fr\/460154\/"},"modified":"2025-10-13T15:23:16","modified_gmt":"2025-10-13T15:23:16","slug":"poutine-et-ses-militaires-ont-ils-peur-de-la-bombe-nucleaire-francaise","status":"publish","type":"post","link":"https:\/\/www.europesays.com\/fr\/460154\/","title":{"rendered":"Poutine et ses militaires ont-ils\u00a0peur de la bombe nucl\u00e9aire fran\u00e7aise\u00a0?"},"content":{"rendered":"<p>C&rsquo;est un document \u00e9tonnant d&rsquo;une cinquantaine de pages. Il a \u00e9t\u00e9 command\u00e9 par le minist\u00e8re de la D\u00e9fense britannique et r\u00e9alis\u00e9 par plusieurs chercheurs de la Rand corporation, un think tank am\u00e9ricain proche du lobby militaro-industriel, financ\u00e9 en partie par l&rsquo;arm\u00e9e de l&rsquo;air am\u00e9ricaine.<\/p>\n<p>Pendant plusieurs mois, les cinq chercheurs mobilis\u00e9s ont d\u00e9cortiqu\u00e9 les actes des colloques militaires qui se tiennent en <a class=\"Link\" href=\"https:\/\/www.lepoint.fr\/tags\/russie\" data-gtm=\"click:capsule\" data-capsule=\"Lien\" target=\"_blank\" rel=\"noopener\">Russie<\/a>, la litt\u00e9rature diffus\u00e9e par les acad\u00e9mies militaires russes, des documents officiels du minist\u00e8re de la D\u00e9fense russe ou bien encore les\u00a0111\u00a0publications militaires du pays. Leur \u00e9tude porte sur ces dix derni\u00e8res ann\u00e9es et couvre l&rsquo;invasion de la Crim\u00e9e (2014), la guerre en Ukraine (2022) et se poursuit jusqu&rsquo;\u00e0 la premi\u00e8re moiti\u00e9 de l&rsquo;ann\u00e9e 2025.<\/p>\n<p>Strat\u00e9gie de la dissuasion<\/p>\n<p>Alor&#8230;<\/p>\n<p>Toute l\u2019actualit\u00e9 \u00e0 1\u20ac le premier mois<\/p>\n<p><a href=\"https:\/\/abo.lepoint.fr\/?provenance=21EDI020098\" class=\"btn\" title=\"S&#039;abonner\" data-gtm=\"click:abo|display:abo\" data-campaign=\"paywall_maison\" target=\"_blank\" rel=\"noopener\">S&rsquo;abonner<\/a><\/p>\n<p>ou<\/p>\n","protected":false},"excerpt":{"rendered":"C&rsquo;est un document \u00e9tonnant d&rsquo;une cinquantaine de pages. Il a \u00e9t\u00e9 command\u00e9 par le minist\u00e8re de la D\u00e9fense&hellip;\n","protected":false},"author":2,"featured_media":460155,"comment_status":"","ping_status":"","sticky":false,"template":"","format":"standard","meta":{"footnotes":""},"categories":[1591],"tags":[11,51200,554,1887,12,1885,1886,132,135],"class_list":{"0":"post-460154","1":"post","2":"type-post","3":"status-publish","4":"format-standard","5":"has-post-thumbnail","7":"category-russie","8":"tag-actualites","9":"tag-declassifie","10":"tag-defense","11":"tag-federation-de-russie","12":"tag-news","13":"tag-russia","14":"tag-russian-federation","15":"tag-russie","16":"tag-vladimir-poutine"},"share_on_mastodon":{"url":"https:\/\/pubeurope.com\/@fr\/115367549757058505","error":""},"_links":{"self":[{"href":"https:\/\/www.europesays.com\/fr\/wp-json\/wp\/v2\/posts\/460154","targetHints":{"allow":["GET"]}}],"collection":[{"href":"https:\/\/www.europesays.com\/fr\/wp-json\/wp\/v2\/posts"}],"about":[{"href":"https:\/\/www.europesays.com\/fr\/wp-json\/wp\/v2\/types\/post"}],"author":[{"embeddable":true,"href":"https:\/\/www.europesays.com\/fr\/wp-json\/wp\/v2\/users\/2"}],"replies":[{"embeddable":true,"href":"https:\/\/www.europesays.com\/fr\/wp-json\/wp\/v2\/comments?post=460154"}],"version-history":[{"count":0,"href":"https:\/\/www.europesays.com\/fr\/wp-json\/wp\/v2\/posts\/460154\/revisions"}],"wp:featuredmedia":[{"embeddable":true,"href":"https:\/\/www.europesays.com\/fr\/wp-json\/wp\/v2\/media\/460155"}],"wp:attachment":[{"href":"https:\/\/www.europesays.com\/fr\/wp-json\/wp\/v2\/media?parent=460154"}],"wp:term":[{"taxonomy":"category","embeddable":true,"href":"https:\/\/www.europesays.com\/fr\/wp-json\/wp\/v2\/categories?post=460154"},{"taxonomy":"post_tag","embeddable":true,"href":"https:\/\/www.europesays.com\/fr\/wp-json\/wp\/v2\/tags?post=460154"}],"curies":[{"name":"wp","href":"https:\/\/api.w.org\/{rel}","templated":true}]}}