{"id":460162,"date":"2025-10-13T15:27:10","date_gmt":"2025-10-13T15:27:10","guid":{"rendered":"https:\/\/www.europesays.com\/fr\/460162\/"},"modified":"2025-10-13T15:27:10","modified_gmt":"2025-10-13T15:27:10","slug":"le-projet-controverse-de-surveillance-des-messageries-chiffrees-ajourne-par-lue-grace-a-lallemagne","status":"publish","type":"post","link":"https:\/\/www.europesays.com\/fr\/460162\/","title":{"rendered":"le projet controvers\u00e9 de surveillance des messageries chiffr\u00e9es ajourn\u00e9 par l\u2019UE, gr\u00e2ce \u00e0 l\u2019Allemagne?"},"content":{"rendered":"<p>Le vote sur le projet controvers\u00e9 Chat Control, initialement pr\u00e9vu le 14 octobre, devant le Conseil de l\u2019Union europ\u00e9enne, a \u00e9t\u00e9 retir\u00e9 de l&rsquo;ordre du jour de la r\u00e9union de demain. Ce r\u00e8glement, qui voulait imposer aux services de messagerie de scanner automatiquement les messages priv\u00e9s, fait face \u00e0 une opposition croissante au sein des \u00c9tats membres.<\/p>\n<p>C&rsquo;est \u00ab\u00a0une victoire\u00a0\u00bb pour les opposants au projet. Alors qu\u2019il devait \u00eatre pr\u00e9sent\u00e9 demain, le 14 octobre, devant le Conseil de l\u2019Union Europ\u00e9enne, <a href=\"https:\/\/data.consilium.europa.eu\/doc\/document\/ST-13309-2025-INIT\/fr\/pdf\" target=\"_blank\" class=\"external_link\" rel=\"nofollow noopener\">le vote sur Chat Control a \u00e9t\u00e9 retir\u00e9 du calendrier<\/a>. Ce projet controvers\u00e9, qui visait \u00e0 imposer aux services de messagerie comme WhatsApp de scanner automatiquement tous les messages priv\u00e9s, rencontre une opposition grandissante. La prochaine r\u00e9union des ministres de l\u2019Int\u00e9rieur de l\u2019Union europ\u00e9enne est d\u00e9sormais programm\u00e9e pour les 6 et 7 d\u00e9cembre, o\u00f9 ce dossier devrait \u00eatre \u00e0 nouveau discut\u00e9.<\/p>\n<p><a href=\"https:\/\/www.bfmtv.com\/tech\/vie-numerique\/chat-control-pourquoi-ce-projet-de-loi-numerique-divise-profondement-l-europe_AN-202510130038.html\" title=\"Chat Control: contest\u00e9 mais \u00e0 nos portes, pourquoi ce projet de loi num\u00e9rique divise profond\u00e9ment l\u2019Europe\" class=\"internal_link\" rel=\"nofollow noopener\" target=\"_blank\">Aussi surnomm\u00e9 le \u00ab\u00a0projet de loi europ\u00e9en le plus critiqu\u00e9 de tous les temps\u00a0\u00bb<\/a>, le r\u00e8glement CSAR (Child Sexual Abuse Regulation) entend instaurer des r\u00e8gles pour pr\u00e9venir et combattre les abus sexuels sur enfants en ligne.<\/p>\n<p>Pr\u00e9sent\u00e9 par la Commission europ\u00e9enne en 2022, il suscite une forte r\u00e9sistance de la part des d\u00e9fenseurs des droits humains, et d&rsquo;une partie de la classe politique europ\u00e9enne, qui d\u00e9noncent une surveillance de masse susceptible de compromettre la vie priv\u00e9e et les libert\u00e9s fondamentales.<\/p>\n<p>Une opposition \u00ab\u00a0ferme\u00a0\u00bb de l\u2019Allemagne<\/p>\n<p>Si aucune raison officielle n\u2019a \u00e9t\u00e9 clairement indiqu\u00e9e pour ce report, l\u2019opposition persistante de l\u2019Allemagne, qui s\u2019oppose de longue date au projet, semble avoir jou\u00e9 un r\u00f4le d\u00e9cisif. L\u2019approbation de ce type de texte requiert ainsi une \u201cdouble majorit\u00e9 qualifi\u00e9e\u201d au sein du Conseil de l\u2019UE, c\u2019est-\u00e0-dire l\u2019accord d\u2019au moins 15 des 27 \u00c9tats membres repr\u00e9sentant au minimum 65% de la population europ\u00e9enne, un seuil difficile \u00e0 atteindre dans le contexte actuel.<\/p>\n<p>\u00ab\u00a0Face \u00e0 une vague d&rsquo;appels et d&rsquo;e-mails du public, les sociaux-d\u00e9mocrates tiennent bon et, pour la premi\u00e8re fois, m\u00eame les dirigeants conservateurs \u00e9mettent des critiques. Sans la r\u00e9sistance inlassable des citoyens, des scientifiques et des organisations, les gouvernements de l&rsquo;UE auraient adopt\u00e9 la semaine prochaine une loi totalitaire sur la surveillance de masse, signant la fin de la confidentialit\u00e9 num\u00e9rique. Le fait que nous ayons r\u00e9ussi \u00e0 emp\u00eacher cela, pour l&rsquo;instant, est un moment \u00e0 c\u00e9l\u00e9brer\u00a0\u00bb, commente <a href=\"https:\/\/www.patrick-breyer.de\/en\/citizen-protest-halts-chat-control-breyer-celebrates-major-victory-for-digital-privacy\/\" target=\"_blank\" class=\"external_link\" rel=\"nofollow noopener\">Patrick Breyer<\/a>, eurod\u00e9put\u00e9 allemand du Parti Pirate .<\/p>\n<p>En effet, si jusqu\u2019\u00e0 fin ao\u00fbt 15 pays soutenaient ce projet, ils ne sont plus que 12 aujourd\u2019hui, regroupant seulement 38,82% de la population europ\u00e9enne. Cinq pays sont ind\u00e9cis, repr\u00e9sentant 22,68%. Avec l\u2019Allemagne, qui repr\u00e9sente \u00e0 elle seule 18,56% de la population, d\u00e9sormais oppos\u00e9e, il devient pratiquement impossible d\u2019obtenir la double majorit\u00e9 qualifi\u00e9e n\u00e9cessaire <a href=\"https:\/\/www.bfmtv.com\/tech\/vie-numerique\/chat-control-pourquoi-ce-projet-de-loi-numerique-divise-profondement-l-europe_AN-202510130038.html\" title=\"Chat Control: contest\u00e9 mais \u00e0 nos portes, pourquoi ce projet de loi num\u00e9rique divise profond\u00e9ment l\u2019Europe\" class=\"internal_link\" rel=\"nofollow noopener\" target=\"_blank\">pour voter en faveur de Chat Control<\/a>.<\/p>\n<p>Les pays soutenant toujours activement le projet Chat Control sont le Portugal, l\u2019Espagne, l\u2019Irlande, la France, le Danemark, la Su\u00e8de, la Lituanie, la Bulgarie, la Hongrie, la Croatie et Malte.<\/p>\n<p>Un combat citoyen qui porte ses fruits ?<\/p>\n<p>Un ing\u00e9nieur logiciel danois de 30 ans, pr\u00e9nomm\u00e9 Joachim, <a href=\"https:\/\/www.politico.eu\/article\/one-man-spam-campaign-ravages-eu-chat-control-bill-fight-chat-control\/\" target=\"_blank\" class=\"external_link\" rel=\"nofollow noopener\">a \u00e9galement jou\u00e9 un r\u00f4le d\u00e9terminant dans le retournement du d\u00e9bat autour de Chat Control<\/a>. En ao\u00fbt 2025, il a lanc\u00e9 le site Fight Chat Control, qui permettait aux citoyens europ\u00e9ens d\u2019envoyer massivement des courriels de protestation aux d\u00e9cideurs europ\u00e9ens. La plateforme, devenue virale en quelques jours, a satur\u00e9 les bo\u00eetes mail des parlementaires et provoqu\u00e9 une agitation notable \u00e0 Bruxelles.<\/p>\n<p>Financ\u00e9 enti\u00e8rement par Joachim, le site aurait g\u00e9n\u00e9r\u00e9 plusieurs millions de messages. Bien que certains \u00e9lus l\u2019aient qualifi\u00e9e de spam, cette campagne a r\u00e9v\u00e9l\u00e9 un nouveau mode de militantisme num\u00e9rique puissant, capable de d\u00e9fendre le chiffrement et les droits num\u00e9riques tout en pla\u00e7ant la surveillance de masse au centre du d\u00e9bat public europ\u00e9en. Un sondage YouGov men\u00e9 dans dix pays de l\u2019Union europ\u00e9enne r\u00e9v\u00e8le que 72% des r\u00e9pondants s\u2019y opposent, et le rejet atteint 73% chez les 18-24 ans. Preuve en est que, pour l\u2019instant, les initiatives citoyennes ont port\u00e9 leurs fruits.<\/p>\n","protected":false},"excerpt":{"rendered":"Le vote sur le projet controvers\u00e9 Chat Control, initialement pr\u00e9vu le 14 octobre, devant le Conseil de l\u2019Union&hellip;\n","protected":false},"author":2,"featured_media":452060,"comment_status":"","ping_status":"","sticky":false,"template":"","format":"standard","meta":{"footnotes":""},"categories":[1587],"tags":[11,672,1804,1805,1803,1777,674,1801,12,1802],"class_list":{"0":"post-460162","1":"post","2":"type-post","3":"status-publish","4":"format-standard","5":"has-post-thumbnail","7":"category-allemagne","8":"tag-actualites","9":"tag-allemagne","10":"tag-bundesrepublik-deutschland","11":"tag-de","12":"tag-deutschland","13":"tag-eu","14":"tag-europe","15":"tag-germany","16":"tag-news","17":"tag-republique-federale-dallemagne"},"share_on_mastodon":{"url":"https:\/\/pubeurope.com\/@fr\/115367565402563299","error":""},"_links":{"self":[{"href":"https:\/\/www.europesays.com\/fr\/wp-json\/wp\/v2\/posts\/460162","targetHints":{"allow":["GET"]}}],"collection":[{"href":"https:\/\/www.europesays.com\/fr\/wp-json\/wp\/v2\/posts"}],"about":[{"href":"https:\/\/www.europesays.com\/fr\/wp-json\/wp\/v2\/types\/post"}],"author":[{"embeddable":true,"href":"https:\/\/www.europesays.com\/fr\/wp-json\/wp\/v2\/users\/2"}],"replies":[{"embeddable":true,"href":"https:\/\/www.europesays.com\/fr\/wp-json\/wp\/v2\/comments?post=460162"}],"version-history":[{"count":0,"href":"https:\/\/www.europesays.com\/fr\/wp-json\/wp\/v2\/posts\/460162\/revisions"}],"wp:featuredmedia":[{"embeddable":true,"href":"https:\/\/www.europesays.com\/fr\/wp-json\/wp\/v2\/media\/452060"}],"wp:attachment":[{"href":"https:\/\/www.europesays.com\/fr\/wp-json\/wp\/v2\/media?parent=460162"}],"wp:term":[{"taxonomy":"category","embeddable":true,"href":"https:\/\/www.europesays.com\/fr\/wp-json\/wp\/v2\/categories?post=460162"},{"taxonomy":"post_tag","embeddable":true,"href":"https:\/\/www.europesays.com\/fr\/wp-json\/wp\/v2\/tags?post=460162"}],"curies":[{"name":"wp","href":"https:\/\/api.w.org\/{rel}","templated":true}]}}