{"id":460166,"date":"2025-10-13T15:30:16","date_gmt":"2025-10-13T15:30:16","guid":{"rendered":"https:\/\/www.europesays.com\/fr\/460166\/"},"modified":"2025-10-13T15:30:16","modified_gmt":"2025-10-13T15:30:16","slug":"vincent-jeanbrun-un-ministre-du-logement-qui-inquiete-le-monde-hlm","status":"publish","type":"post","link":"https:\/\/www.europesays.com\/fr\/460166\/","title":{"rendered":"Vincent Jeanbrun, un ministre du logement qui inqui\u00e8te le monde HLM"},"content":{"rendered":"<p>                         <img loading=\"lazy\" decoding=\"async\" src=\"https:\/\/www.europesays.com\/fr\/wp-content\/uploads\/2025\/10\/dc6483a_upload-1-0ce6ycxqmk9o-gj3a0173.jpg\" alt=\"Vincent Jeanbrun, nouveau ministre de la ville et du logement, arrive \u00e0 Matignon, \u00e0 Paris, le 13\u00a0octobre 2025.\"   width=\"664\" height=\"443\"\/>    Vincent Jeanbrun, nouveau ministre de la ville et du logement, arrive \u00e0 Matignon, \u00e0 Paris, le 13\u00a0octobre 2025.  CYRIL BITTON\/DIVERGENCE POUR \u00abLE MONDE\u00bb                 <\/p>\n<p class=\"article__paragraph  \">Vincent Jeanbrun n\u2019a pas attendu le premier conseil des ministres, mardi 14\u00a0octobre, pour figurer sur la photo avec S\u00e9bastien Lecornu. Samedi matin, le d\u00e9put\u00e9 Les R\u00e9publicains (LR) du Val-de-Marne accueillait <a href=\"https:\/\/www.lemonde.fr\/politique\/live\/2025\/10\/13\/en-direct-gouvernement-lecornu-la-seule-mission-du-nouveau-gouvernement-est-de-surpasser-cette-crise-politique-declare-le-premier-ministre_6645554_823448.html\" rel=\"nofollow noopener\" target=\"_blank\">le premier ministre tout juste renomm\u00e9<\/a> dans un commissariat de L\u2019Ha\u00ff-les-Roses (Val-de-Marne). Maire entre 2014 et 2024, le nouveau ministre de la ville et du logement a grandi non loin de l\u00e0, au 17e \u00e9tage d\u2019une des Tours marron, embl\u00e9matiques de cette commune populaire coup\u00e9e en deux par l\u2019A6. Lui est n\u00e9 \u00ab\u00a0du mauvais c\u00f4t\u00e9 de l\u2019autoroute\u00a0\u00bb, dit-il.<\/p>\n<p class=\"article__paragraph  \">Mais ses origines modestes (p\u00e8re chauffeur routier, m\u00e8re au foyer d\u2019origine italienne) alimentent aussi son r\u00e9cit personnel. A 41\u00a0ans, cet habitu\u00e9 des plateaux t\u00e9l\u00e9 incarne une droite des banlieues ferme sur l\u2019ordre r\u00e9publicain et confront\u00e9e \u00e0 la pouss\u00e9e de La France insoumise (LFI) en r\u00e9gion parisienne. En juin\u00a02024, il offre \u00e0 LR une victoire symbolique en battant la d\u00e9put\u00e9e LFI sortante, Rachel Keke.<\/p>\n<p class=\"article__paragraph  \">A l\u2019\u00e9poque, Vincent Jeanbrun s\u2019est d\u00e9j\u00e0 fait un nom bien malgr\u00e9 lui. Dans la nuit du 1er au 2\u00a0juillet\u00a02023, lors des \u00e9meutes qui ont suivi la mort de Nahel, \u00e0 Nanterre, apr\u00e8s un tir de policier, il veille sur sa mairie barricad\u00e9e, redoutant de la voir d\u00e9truite ou br\u00fbl\u00e9e. Au m\u00eame moment, son domicile est attaqu\u00e9 \u00e0 la voiture b\u00e9lier. Sa femme s\u2019\u00e9chappe par l\u2019arri\u00e8re du jardin avec leurs deux jeunes enfants au milieu des tirs de mortiers et se blesse gravement \u00e0 la jambe. Le lendemain, son discours marque les esprits. \u00ab\u00a0Aujourd\u2019hui, il incarne quelque chose qui le d\u00e9passe\u00a0\u00bb, confie alors Zartoshte Bakhtiari, maire LR de Neuilly-sur-Marne, ville de Seine-Saint-Denis tr\u00e8s touch\u00e9e par les \u00e9meutes.<\/p>\n<p class=\"reading-mode-only \"><strong>Il vous reste 67.73% de cet article \u00e0 lire. La suite est r\u00e9serv\u00e9e aux abonn\u00e9s.<\/strong><\/p>\n","protected":false},"excerpt":{"rendered":"Vincent Jeanbrun, nouveau ministre de la ville et du logement, arrive \u00e0 Matignon, \u00e0 Paris, le 13\u00a0octobre 2025.&hellip;\n","protected":false},"author":2,"featured_media":460167,"comment_status":"","ping_status":"","sticky":false,"template":"","format":"standard","meta":{"footnotes":""},"categories":[2],"tags":[11,1011,27,12,25],"class_list":{"0":"post-460166","1":"post","2":"type-post","3":"status-publish","4":"format-standard","5":"has-post-thumbnail","7":"category-actualites","8":"tag-actualites","9":"tag-fr","10":"tag-france","11":"tag-news","12":"tag-republique-francaise"},"share_on_mastodon":{"url":"https:\/\/pubeurope.com\/@fr\/115367577810200839","error":""},"_links":{"self":[{"href":"https:\/\/www.europesays.com\/fr\/wp-json\/wp\/v2\/posts\/460166","targetHints":{"allow":["GET"]}}],"collection":[{"href":"https:\/\/www.europesays.com\/fr\/wp-json\/wp\/v2\/posts"}],"about":[{"href":"https:\/\/www.europesays.com\/fr\/wp-json\/wp\/v2\/types\/post"}],"author":[{"embeddable":true,"href":"https:\/\/www.europesays.com\/fr\/wp-json\/wp\/v2\/users\/2"}],"replies":[{"embeddable":true,"href":"https:\/\/www.europesays.com\/fr\/wp-json\/wp\/v2\/comments?post=460166"}],"version-history":[{"count":0,"href":"https:\/\/www.europesays.com\/fr\/wp-json\/wp\/v2\/posts\/460166\/revisions"}],"wp:featuredmedia":[{"embeddable":true,"href":"https:\/\/www.europesays.com\/fr\/wp-json\/wp\/v2\/media\/460167"}],"wp:attachment":[{"href":"https:\/\/www.europesays.com\/fr\/wp-json\/wp\/v2\/media?parent=460166"}],"wp:term":[{"taxonomy":"category","embeddable":true,"href":"https:\/\/www.europesays.com\/fr\/wp-json\/wp\/v2\/categories?post=460166"},{"taxonomy":"post_tag","embeddable":true,"href":"https:\/\/www.europesays.com\/fr\/wp-json\/wp\/v2\/tags?post=460166"}],"curies":[{"name":"wp","href":"https:\/\/api.w.org\/{rel}","templated":true}]}}