{"id":460176,"date":"2025-10-13T15:36:27","date_gmt":"2025-10-13T15:36:27","guid":{"rendered":"https:\/\/www.europesays.com\/fr\/460176\/"},"modified":"2025-10-13T15:36:27","modified_gmt":"2025-10-13T15:36:27","slug":"djokovic-ira-t-il-a-turin-le-point-sur-la-course-aux-atp-finals","status":"publish","type":"post","link":"https:\/\/www.europesays.com\/fr\/460176\/","title":{"rendered":"Djokovic ira-t-il \u00e0 Turin ? Le point sur la course aux ATP Finals"},"content":{"rendered":"<p>                <img decoding=\"async\" src=\"https:\/\/www.europesays.com\/fr\/wp-content\/uploads\/2025\/10\/mK64.jpg\" fetchpriority=\"high\" alt=\"Djokovic ira-t-il \u00e0 Turin ? Le point sur la course aux ATP Finals\"\/><\/p>\n<p>Alors que Carlos Alcaraz et Jannik Sinner ont d\u00e9j\u00e0 valid\u00e9 leur billet, tout reste \u00e0 jouer pour les six places restantes aux ATP Finals 2025.<\/p>\n<p>\u00c0 moins de 30 jours des ATP Finals 2025 (du 9 au 16 novembre), la course est lanc\u00e9e. Seuls deux noms sont d\u2019ores et d\u00e9j\u00e0 assur\u00e9s pour l\u2019instant : Carlos Alcaraz et Jannik Sinner. Pour les autres, tout reste \u00e0 prouver. \u00c0 commencer par Novak Djokovic, qui, bien que virtuellement qualifi\u00e9, laisse planer le doute sur sa participation. \u00ab Je d\u00e9ciderai selon mon \u00e9tat physique et mental \u00bb, a-t-il r\u00e9cemment d\u00e9clar\u00e9.<\/p>\n<p>Le Masters 1000 de Shanghai a rebattu les cartes. La perc\u00e9e d\u2019\u00c1lex de Minaur, d\u00e9sormais dans le top 8 provisoire, a provoqu\u00e9 un mini-s\u00e9isme : il d\u00e9passe Musetti et met la pression sur des joueurs comme F\u00e9lix Auger-Aliassime.<\/p>\n<p>Le Canadien est peut-\u00eatre l\u2019invit\u00e9 surprise de ce sprint final. Apr\u00e8s une saison en montagnes russes, il revient \u00e0 un bon niveau au moment crucial. Avec 530 points \u00e0 rattraper sur Musetti, le d\u00e9fi est immense\u2026 mais pas impossible, surtout s\u2019il brille en indoor.<\/p>\n<p>Plus loin, la situation est critique pour des pointures comme Daniil Medvedev, Andrey Rublev, Casper Ruud ou encore Holger Rune. Leur seule chance ? Encha\u00eener les titres ou les derniers tours dans les cinq semaines restantes.<\/p>\n<p>Mais le plus grand point d\u2019interrogation, c\u2019est bien Novak Djokovic. Le Serbe, quasiment assur\u00e9 de sa place \u00e0 Turin, ne garantit toujours pas sa pr\u00e9sence. S\u2019il d\u00e9cide de faire l\u2019impasse, cela pourrait lib\u00e9rer une place.<\/p>\n","protected":false},"excerpt":{"rendered":"Alors que Carlos Alcaraz et Jannik Sinner ont d\u00e9j\u00e0 valid\u00e9 leur billet, tout reste \u00e0 jouer pour les&hellip;\n","protected":false},"author":2,"featured_media":460177,"comment_status":"","ping_status":"","sticky":false,"template":"","format":"standard","meta":{"footnotes":""},"categories":[1415],"tags":[1011,27,60,1467],"class_list":{"0":"post-460176","1":"post","2":"type-post","3":"status-publish","4":"format-standard","5":"has-post-thumbnail","7":"category-tennis","8":"tag-fr","9":"tag-france","10":"tag-sports","11":"tag-tennis"},"share_on_mastodon":{"url":"https:\/\/pubeurope.com\/@fr\/115367601167433465","error":""},"_links":{"self":[{"href":"https:\/\/www.europesays.com\/fr\/wp-json\/wp\/v2\/posts\/460176","targetHints":{"allow":["GET"]}}],"collection":[{"href":"https:\/\/www.europesays.com\/fr\/wp-json\/wp\/v2\/posts"}],"about":[{"href":"https:\/\/www.europesays.com\/fr\/wp-json\/wp\/v2\/types\/post"}],"author":[{"embeddable":true,"href":"https:\/\/www.europesays.com\/fr\/wp-json\/wp\/v2\/users\/2"}],"replies":[{"embeddable":true,"href":"https:\/\/www.europesays.com\/fr\/wp-json\/wp\/v2\/comments?post=460176"}],"version-history":[{"count":0,"href":"https:\/\/www.europesays.com\/fr\/wp-json\/wp\/v2\/posts\/460176\/revisions"}],"wp:featuredmedia":[{"embeddable":true,"href":"https:\/\/www.europesays.com\/fr\/wp-json\/wp\/v2\/media\/460177"}],"wp:attachment":[{"href":"https:\/\/www.europesays.com\/fr\/wp-json\/wp\/v2\/media?parent=460176"}],"wp:term":[{"taxonomy":"category","embeddable":true,"href":"https:\/\/www.europesays.com\/fr\/wp-json\/wp\/v2\/categories?post=460176"},{"taxonomy":"post_tag","embeddable":true,"href":"https:\/\/www.europesays.com\/fr\/wp-json\/wp\/v2\/tags?post=460176"}],"curies":[{"name":"wp","href":"https:\/\/api.w.org\/{rel}","templated":true}]}}