{"id":460206,"date":"2025-10-13T15:53:11","date_gmt":"2025-10-13T15:53:11","guid":{"rendered":"https:\/\/www.europesays.com\/fr\/460206\/"},"modified":"2025-10-13T15:53:11","modified_gmt":"2025-10-13T15:53:11","slug":"en-direct-accord-de-paix-a-gaza-israel-annonce-avoir-libere-1-968-detenus-palestiniens-liberation","status":"publish","type":"post","link":"https:\/\/www.europesays.com\/fr\/460206\/","title":{"rendered":"EN DIRECT &#8211; Accord de paix \u00e0 Gaza : Isra\u00ebl annonc\u00e9 avoir lib\u00e9r\u00e9 1 968 d\u00e9tenus palestiniens \u2013 Lib\u00e9ration"},"content":{"rendered":"<p class=\"sc-cPiKLX AiZTS text-element\">Apr\u00e8s avoir remerci\u00e9 Steve Witkoff, l\u2019envoy\u00e9 sp\u00e9cial des \u00c9tats-Unis au Moyen-Orient, puis sa fille Ivanka, dont il a vant\u00e9 le magnifique mariage, Donald Trump s\u2019est lanc\u00e9 des fleurs. \u00abJ\u2019ai reconstruit de z\u00e9ro l\u2019arm\u00e9e am\u00e9ricaine\u00bb, a-t-il affirm\u00e9, tout en assurant que les Etats-Unis ont toujours gagn\u00e9 les guerres, depuis la Premi\u00e8re Guerre mondiale. \u00abSi nous en commen\u00e7ons une, nous la remporterons\u00bb, assure-t-il, pr\u00f4nant \u00abla paix par la force\u00bb. \u00abIl faut fabriquer les meilleures armes du monde, et nous en avons \u00e9norm\u00e9ment, nous en avons donn\u00e9 beaucoup \u00e0 Isra\u00ebl\u00bb, a-t-il encore poursuivi. Pour rappel, Donald Trump souhaite \u00e0 tout prix remporter le prix Nobel de la paix\u2026 avec un tel discours. <\/p>\n","protected":false},"excerpt":{"rendered":"Apr\u00e8s avoir remerci\u00e9 Steve Witkoff, l\u2019envoy\u00e9 sp\u00e9cial des \u00c9tats-Unis au Moyen-Orient, puis sa fille Ivanka, dont il a&hellip;\n","protected":false},"author":2,"featured_media":460207,"comment_status":"","ping_status":"","sticky":false,"template":"","format":"standard","meta":{"footnotes":""},"categories":[5],"tags":[11,1011,27,3522,3519,14,664,3523,12,3518,28],"class_list":{"0":"post-460206","1":"post","2":"type-post","3":"status-publish","4":"format-standard","5":"has-post-thumbnail","7":"category-international","8":"tag-actualites","9":"tag-fr","10":"tag-france","11":"tag-guerre-hamas-israel","12":"tag-hamas","13":"tag-international","14":"tag-israel","15":"tag-israel-palestine-conflit","16":"tag-news","17":"tag-palestine","18":"tag-world"},"share_on_mastodon":{"url":"https:\/\/pubeurope.com\/@fr\/115367667559132231","error":""},"_links":{"self":[{"href":"https:\/\/www.europesays.com\/fr\/wp-json\/wp\/v2\/posts\/460206","targetHints":{"allow":["GET"]}}],"collection":[{"href":"https:\/\/www.europesays.com\/fr\/wp-json\/wp\/v2\/posts"}],"about":[{"href":"https:\/\/www.europesays.com\/fr\/wp-json\/wp\/v2\/types\/post"}],"author":[{"embeddable":true,"href":"https:\/\/www.europesays.com\/fr\/wp-json\/wp\/v2\/users\/2"}],"replies":[{"embeddable":true,"href":"https:\/\/www.europesays.com\/fr\/wp-json\/wp\/v2\/comments?post=460206"}],"version-history":[{"count":0,"href":"https:\/\/www.europesays.com\/fr\/wp-json\/wp\/v2\/posts\/460206\/revisions"}],"wp:featuredmedia":[{"embeddable":true,"href":"https:\/\/www.europesays.com\/fr\/wp-json\/wp\/v2\/media\/460207"}],"wp:attachment":[{"href":"https:\/\/www.europesays.com\/fr\/wp-json\/wp\/v2\/media?parent=460206"}],"wp:term":[{"taxonomy":"category","embeddable":true,"href":"https:\/\/www.europesays.com\/fr\/wp-json\/wp\/v2\/categories?post=460206"},{"taxonomy":"post_tag","embeddable":true,"href":"https:\/\/www.europesays.com\/fr\/wp-json\/wp\/v2\/tags?post=460206"}],"curies":[{"name":"wp","href":"https:\/\/api.w.org\/{rel}","templated":true}]}}