{"id":460208,"date":"2025-10-13T15:54:10","date_gmt":"2025-10-13T15:54:10","guid":{"rendered":"https:\/\/www.europesays.com\/fr\/460208\/"},"modified":"2025-10-13T15:54:10","modified_gmt":"2025-10-13T15:54:10","slug":"impots-annee-blanche-economies-ce-que-contient-le-budget-2026-du-gouvernement-lecornu","status":"publish","type":"post","link":"https:\/\/www.europesays.com\/fr\/460208\/","title":{"rendered":"Imp\u00f4ts, \u00ab\u00a0ann\u00e9e blanche\u00a0\u00bb, \u00e9conomies\u2026 Ce que contient le budget 2026 du gouvernement Lecornu"},"content":{"rendered":"<p>\n    <strong>D\u00c9CRYPTAGE &#8211; <\/strong>Entre n\u00e9gociations politiques et non-recours au 49.3, le texte qui sera d\u00e9voil\u00e9 mardi est appel\u00e9 \u00e0 conna\u00eetre beaucoup de modifications. Pour l\u2019heure, il se rapproche de la version laiss\u00e9e par Fran\u00e7ois Bayrou.<\/p>\n<p class=\"fig-paragraph\">En mati\u00e8re budg\u00e9taire aussi, mieux vaut tard que jamais. Alors que la date pr\u00e9vue\u00a0<a href=\"http:\/\/www.lefigaro.fr\/economie\/que-se-passe-t-il-si-le-gouvernement-ne-presente-pas-de-budget-lundi-20251010\" data-fig-type=\"Article\" data-gtm-custom-categorie=\"navigation\" data-gtm-custom-action=\"crossclick\" data-gtm-custom-label=\"Contextuel\" data-gtm-event=\"customEventSPE\" data-fig-domain=\"LEFIGARO\" target=\"_blank\" rel=\"noopener\">pour le d\u00e9p\u00f4t du texte<\/a>\u00a0par la loi encadrant les lois de finances (LOLF) &#8211; le 7\u00a0octobre &#8211; est d\u00e9j\u00e0 d\u00e9pass\u00e9e, le gouvernement va enfin pr\u00e9senter son budget ce mardi en Conseil des ministres puis au Parlement.\u00a0<a href=\"http:\/\/www.lefigaro.fr\/conjoncture\/beaucoup-ne-savent-plus-qui-est-aux-manettes-dans-les-couloirs-de-bercy-la-crise-politique-pese-sur-le-moral-20251010\" target=\"_blank\" data-fig-type=\"Article\" rel=\"noopener\" data-gtm-custom-categorie=\"navigation\" data-gtm-custom-action=\"crossclick\" data-gtm-custom-label=\"Contextuel\" data-gtm-event=\"customEventSPE\" data-fig-domain=\"LEFIGARO\">\u00c0 Bercy, ces derni\u00e8res semaines<\/a>, la priorit\u00e9 \u00e9tait justement de se tenir pr\u00eat pour pr\u00e9senter une copie budg\u00e9taire \u00e0 temps afin de respecter les d\u00e9lais constitutionnels (ce mardi 14\u00a0octobre constitue d\u2019ailleurs l\u2019extr\u00eame limite de ce point de vue).<\/p>\n<p class=\"fig-paragraph\">Ainsi, malgr\u00e9 les tumultes politiques, les services du minist\u00e8re de l\u2019\u00c9conomie ont pr\u00e9par\u00e9 un projet de loi de finances complet en se basant d\u2019abord sur le plan de Fran\u00e7ois Bayrou, puis en l\u2019amendant au fil des arbitrages pris par son successeur, S\u00e9bastien Lecornu, pendant sa phase de n\u00e9gociations. L\u2019un dans l\u2019autre, Bercy est parvenu \u00e0 rendre ce \u00ab\u00a0v\u00e9hicule\u00a0\u00bb op\u00e9rationnel, notamment en effectuant \u00e0 peu pr\u00e8s dans les temps les saisines obligatoires du Conseil\u2026<\/p>\n<p class=\"fig-premium-paywall__infos\">\n        Cet article est r\u00e9serv\u00e9 aux abonn\u00e9s.        Il vous reste 82% \u00e0 d\u00e9couvrir.\n    <\/p>\n<p>                <img  data- alt=\"Le Figaro\" class=\"fig-img--complete fig-img\"\/><\/p>\n<p class=\"fig-premium-paywall__title\">J-100, Le Figaro f\u00eate ses 200 ans<\/p>\n<p class=\"fig-premium-paywall__subtitle\">Offre anniversaire : 2\u20ac\/mois pendant 200 semaines<\/p>\n<p class=\"fig-premium-paywall__connect\">\n                D\u00e9j\u00e0 abonn\u00e9\u00a0?                <a class=\"fig-premium-paywall__connect-link\" href=\"https:\/\/connect.lefigaro.fr\/login?client=horizon_web&amp;type=main&amp;redirect_uri=https%3A%2F%2Fwww.lefigaro.fr%2Fconjoncture%2Fimpots-annee-blanche-economies-ce-que-contient-le-budget-2026-du-gouvernement-lecornu-20251013\" data-js-gtm=\"{&quot;customCategorie&quot;: &quot;conversion&quot;, &quot;customAction&quot;: &quot;before_Landing_Connexion_paywall_auto&quot;, &quot;customLabel&quot;: &quot;bGVmaWdhcm8uZnJfXzFmMGE4MTc3LTMwNjctNjVhYS1hZTJmLTIzZjI0M2QwMGYyZV9fQXJ0aWNsZQ==_Imp\u00f4ts, \u00ab\u00a0ann\u00e9e blanche\u00a0\u00bb, \u00e9conomies\u2026 Ce que contient le budget 2026 du gouvernement Lecornu_464&quot;, &quot;customIDSPE&quot;: &quot;bGVmaWdhcm8uZnJfXzFmMGE4MTc3LTMwNjctNjVhYS1hZTJmLTIzZjI0M2QwMGYyZV9fQXJ0aWNsZQ==&quot;, &quot;event&quot;: &quot;customEventSPE&quot;}\" target=\"_blank\" rel=\"noopener\"><br \/>\n                    Connectez-vous<br \/>\n                <\/a>\n            <\/p>\n","protected":false},"excerpt":{"rendered":"D\u00c9CRYPTAGE &#8211; Entre n\u00e9gociations politiques et non-recours au 49.3, le texte qui sera d\u00e9voil\u00e9 mardi est appel\u00e9 \u00e0&hellip;\n","protected":false},"author":2,"featured_media":460209,"comment_status":"","ping_status":"","sticky":false,"template":"","format":"standard","meta":{"footnotes":""},"categories":[4],"tags":[11,1003,6329,1011,27,12,25,11067],"class_list":{"0":"post-460208","1":"post","2":"type-post","3":"status-publish","4":"format-standard","5":"has-post-thumbnail","7":"category-france","8":"tag-actualites","9":"tag-budget","10":"tag-finances-publiques","11":"tag-fr","12":"tag-france","13":"tag-news","14":"tag-republique-francaise","15":"tag-sebastien-lecornu"},"share_on_mastodon":{"url":"https:\/\/pubeurope.com\/@fr\/115367671678082607","error":""},"_links":{"self":[{"href":"https:\/\/www.europesays.com\/fr\/wp-json\/wp\/v2\/posts\/460208","targetHints":{"allow":["GET"]}}],"collection":[{"href":"https:\/\/www.europesays.com\/fr\/wp-json\/wp\/v2\/posts"}],"about":[{"href":"https:\/\/www.europesays.com\/fr\/wp-json\/wp\/v2\/types\/post"}],"author":[{"embeddable":true,"href":"https:\/\/www.europesays.com\/fr\/wp-json\/wp\/v2\/users\/2"}],"replies":[{"embeddable":true,"href":"https:\/\/www.europesays.com\/fr\/wp-json\/wp\/v2\/comments?post=460208"}],"version-history":[{"count":0,"href":"https:\/\/www.europesays.com\/fr\/wp-json\/wp\/v2\/posts\/460208\/revisions"}],"wp:featuredmedia":[{"embeddable":true,"href":"https:\/\/www.europesays.com\/fr\/wp-json\/wp\/v2\/media\/460209"}],"wp:attachment":[{"href":"https:\/\/www.europesays.com\/fr\/wp-json\/wp\/v2\/media?parent=460208"}],"wp:term":[{"taxonomy":"category","embeddable":true,"href":"https:\/\/www.europesays.com\/fr\/wp-json\/wp\/v2\/categories?post=460208"},{"taxonomy":"post_tag","embeddable":true,"href":"https:\/\/www.europesays.com\/fr\/wp-json\/wp\/v2\/tags?post=460208"}],"curies":[{"name":"wp","href":"https:\/\/api.w.org\/{rel}","templated":true}]}}