{"id":460212,"date":"2025-10-13T15:56:12","date_gmt":"2025-10-13T15:56:12","guid":{"rendered":"https:\/\/www.europesays.com\/fr\/460212\/"},"modified":"2025-10-13T15:56:12","modified_gmt":"2025-10-13T15:56:12","slug":"loire-rebellion-wheeling-recidive-de-nombreux-delits-routiers-dans-lagglomeration-stephanoise","status":"publish","type":"post","link":"https:\/\/www.europesays.com\/fr\/460212\/","title":{"rendered":"Loire. R\u00e9bellion, wheeling, r\u00e9cidive&#8230; De nombreux d\u00e9lits routiers dans l\u2019agglom\u00e9ration st\u00e9phanoise"},"content":{"rendered":"<p>  Saint-\u00c9tienne\u00a0: ivre et sans permis, le conducteur se rebelle contre les policiers<\/p>\n<p>Dans la nuit de samedi 11\u00a0octobre, aux alentours de 1\u00a0h\u00a015, au niveau du rond-point de Roche-la-Moli\u00e8re, un \u00e9quipage de police remarque une Citro\u00ebn C4 qui ne respecte pas les r\u00e8gles \u00e9l\u00e9mentaires de prudence. Apr\u00e8s deux tentatives, les forces de l\u2019ordre parviennent \u00e0 intercepter le v\u00e9hicule et \u00e0 interpeller le conducteur rue Xavier-Privas \u00e0 Saint-\u00c9tienne.<\/p>\n<p>Mais le St\u00e9phanois se rebelle et refuse de se soumettre \u00e0 des d\u00e9pistages \u00e0 l\u2019alcool et aux stup\u00e9fiants. La police constate \u00e9galement que le jeune homme de 23 ans, qui sent fortement l\u2019alcool, conduit malgr\u00e9 un permis de conduire suspendu. L\u2019individu a \u00e9t\u00e9 d\u00e9f\u00e9r\u00e9 au tribunal pour une comparution imm\u00e9diate qui aura lieu cette semaine.<\/p>\n<p>\u00c9crou\u00e9, il sera poursuivi pour conduite malgr\u00e9 une suspension de permis et en \u00e9tat d\u2019ivresse, r\u00e9bellion et refus de se soumettre aux d\u00e9pistages d\u2019alcool\u00e9mie et aux stup\u00e9fiants.<\/p>\n<p>  La Ricamarie\u00a0: sans casque et en wheeling sur une motocross non homologu\u00e9e, un homme de 17 ans interpell\u00e9<\/p>\n<p>Vendredi 10\u00a0octobre, vers 17\u00a0h\u00a045, les \u00e9quipages de la BAC remarquent la pr\u00e9sence d\u2019un individu sur une motocross sans casque et en wheeling place de l\u2019\u00c9glise \u00e0 La Ricamarie.<\/p>\n<p>Les policiers constatent \u00e9galement que son deux-roues n\u2019est pas homologu\u00e9 pour circuler sur la voie publique. Interpell\u00e9 et plac\u00e9 en garde \u00e0 vue, le jeune homme de 17 ans a reconnu les faits et s\u2019est vu d\u00e9livrer un avertissement p\u00e9nal probatoire.<\/p>\n<p>  Saint-\u00c9tienne\u00a0: un conducteur alcoolis\u00e9 percute un panneau de signalisation<\/p>\n<p>Samedi 11\u00a0octobre, \u00e0 22\u00a0h\u00a015, un accident se produit au rond-point Franklin-Roosevelt \u00e0 Saint-Etienne. Un v\u00e9hicule Opel vient de percuter un panneau de signalisation.<\/p>\n<p>Alert\u00e9s par des riverains, les policiers se rendent sur place et constatent que le conducteur, un homme de 31 ans, tente de repartir avec son v\u00e9hicule accident\u00e9. Interpell\u00e9, l\u2019individu est contr\u00f4l\u00e9 avec 1,5\u00a0g d\u2019alcool dans le sang et sans assurance. Le St\u00e9phanois fera l\u2019objet d\u2019une ordonnance p\u00e9nale.<\/p>\n<p>  Saint-Chamond\u00a0: arr\u00eat\u00e9 deux fois en quatre jours pour une infraction similaire<\/p>\n<p>Jeudi 9\u00a0octobre, vers 19 heures, les policiers du Groupe de s\u00e9curit\u00e9 de proximit\u00e9 (GSP) proc\u00e8dent au contr\u00f4le d\u2019une Polo Volkswagen qui pr\u00e9sente des parties saillantes qui pr\u00e9sentent une dangerosit\u00e9.<\/p>\n<p>Le conducteur, malgr\u00e9 une suspension de permis, avait d\u00e9j\u00e0 \u00e9t\u00e9 interpell\u00e9 pour les m\u00eames faits quatre jours plus t\u00f4t. Plac\u00e9 en garde \u00e0 vue, le St\u00e9phanois de 18 ans a reconnu les faits. Il sera convoqu\u00e9 au tribunal pour une ordonnance p\u00e9nale.<\/p>\n","protected":false},"excerpt":{"rendered":"Saint-\u00c9tienne\u00a0: ivre et sans permis, le conducteur se rebelle contre les policiers Dans la nuit de samedi 11\u00a0octobre,&hellip;\n","protected":false},"author":2,"featured_media":460213,"comment_status":"","ping_status":"","sticky":false,"template":"","format":"standard","meta":{"footnotes":""},"categories":[9653],"tags":[1111,11,2430,271,272,7539,1777,674,274,1011,27,3367,12,25,4001,7538],"class_list":{"0":"post-460212","1":"post","2":"type-post","3":"status-publish","4":"format-standard","5":"has-post-thumbnail","7":"category-saint-etienne","8":"tag-actu","9":"tag-actualites","10":"tag-auvergne-rhone-alpes","11":"tag-crime","12":"tag-delit-et-contravention","13":"tag-edition-loire-sud","14":"tag-eu","15":"tag-europe","16":"tag-faits-divers-justice","17":"tag-fr","18":"tag-france","19":"tag-loire","20":"tag-news","21":"tag-republique-francaise","22":"tag-saint-etienne","23":"tag-saint-etienne-ville"},"share_on_mastodon":{"url":"https:\/\/pubeurope.com\/@fr\/115367679439231519","error":""},"_links":{"self":[{"href":"https:\/\/www.europesays.com\/fr\/wp-json\/wp\/v2\/posts\/460212","targetHints":{"allow":["GET"]}}],"collection":[{"href":"https:\/\/www.europesays.com\/fr\/wp-json\/wp\/v2\/posts"}],"about":[{"href":"https:\/\/www.europesays.com\/fr\/wp-json\/wp\/v2\/types\/post"}],"author":[{"embeddable":true,"href":"https:\/\/www.europesays.com\/fr\/wp-json\/wp\/v2\/users\/2"}],"replies":[{"embeddable":true,"href":"https:\/\/www.europesays.com\/fr\/wp-json\/wp\/v2\/comments?post=460212"}],"version-history":[{"count":0,"href":"https:\/\/www.europesays.com\/fr\/wp-json\/wp\/v2\/posts\/460212\/revisions"}],"wp:featuredmedia":[{"embeddable":true,"href":"https:\/\/www.europesays.com\/fr\/wp-json\/wp\/v2\/media\/460213"}],"wp:attachment":[{"href":"https:\/\/www.europesays.com\/fr\/wp-json\/wp\/v2\/media?parent=460212"}],"wp:term":[{"taxonomy":"category","embeddable":true,"href":"https:\/\/www.europesays.com\/fr\/wp-json\/wp\/v2\/categories?post=460212"},{"taxonomy":"post_tag","embeddable":true,"href":"https:\/\/www.europesays.com\/fr\/wp-json\/wp\/v2\/tags?post=460212"}],"curies":[{"name":"wp","href":"https:\/\/api.w.org\/{rel}","templated":true}]}}