{"id":460216,"date":"2025-10-13T15:58:17","date_gmt":"2025-10-13T15:58:17","guid":{"rendered":"https:\/\/www.europesays.com\/fr\/460216\/"},"modified":"2025-10-13T15:58:17","modified_gmt":"2025-10-13T15:58:17","slug":"quand-lamitie-devient-un-produit-de-consommation-au-theatre-de-la-roele","status":"publish","type":"post","link":"https:\/\/www.europesays.com\/fr\/460216\/","title":{"rendered":"quand l\u2019amiti\u00e9 devient un produit de consommation au th\u00e9\u00e2tre de la Ro\u00eble"},"content":{"rendered":"<p>Profitant d\u2019une vente promotionnelle dans une grande surface de la r\u00e9gion parisienne, Jacques et Odile s\u2019ach\u00e8tent\u2026 un couple d\u2019amis. Ils les gardent dans un placard et les sortent r\u00e9guli\u00e8rement dans l\u2019espoir de passer de bonnes soir\u00e9es.<\/p>\n<p>Jour apr\u00e8s jour, ils se montrent de plus en plus exigeants avec ces amis qu\u2019ils ont tout de m\u00eame pay\u00e9s assez cher\u2026<\/p>\n<p>Cette farce noire de Gabor Rassov, mise en sc\u00e8ne par C\u00e9l\u00e9nie Crillon, du Th\u00e9\u00e2tre de la Ro\u00eble, am\u00e8nera le spectateur \u00e0 se poser des questions sur les relations humaines dans un monde o\u00f9 tout se vend\u2026<\/p>\n<p>\u00c0 l\u2019heure du consum\u00e9risme, l\u2019amiti\u00e9 peut-elle, elle aussi, s\u2019acheter\u00a0? La solitude en est-elle moins am\u00e8re\u00a0? L\u2019argent peut-il tout excuser\u00a0?<\/p>\n<p class=\"note\">Vendredi 17\u00a0octobre, \u00e0 20\u00a0h\u00a0; samedi 18\u00a0octobre, \u00e0 19\u00a0h\u00a030 au th\u00e9\u00e2tre de la Ro\u00eble, esplanade du Souvenir-Fran\u00e7ais, \u00e0 Villers-l\u00e8s-Nancy. Spectacle \u00e0 partir de 12 ans. R\u00e9servation en ligne sur theatredelaroele.fr ou au 03\u00a083\u00a040\u00a064\u00a093<\/p>\n","protected":false},"excerpt":{"rendered":"Profitant d\u2019une vente promotionnelle dans une grande surface de la r\u00e9gion parisienne, Jacques et Odile s\u2019ach\u00e8tent\u2026 un couple&hellip;\n","protected":false},"author":2,"featured_media":460217,"comment_status":"","ping_status":"","sticky":false,"template":"","format":"standard","meta":{"footnotes":""},"categories":[9635],"tags":[1111,11,1687,1704,1777,674,1011,27,775,10262,1702,12,25,3140,10261],"class_list":{"0":"post-460216","1":"post","2":"type-post","3":"status-publish","4":"format-standard","5":"has-post-thumbnail","7":"category-nancy","8":"tag-actu","9":"tag-actualites","10":"tag-culture-loisirs","11":"tag-edition-nancy-et-agglomeration","12":"tag-eu","13":"tag-europe","14":"tag-fr","15":"tag-france","16":"tag-grand-est","17":"tag-metropole-du-grand-nancy-54b5","18":"tag-nancy","19":"tag-news","20":"tag-republique-francaise","21":"tag-spectacle","22":"tag-villers-les-nancy"},"share_on_mastodon":{"url":"https:\/\/pubeurope.com\/@fr\/115367687277302986","error":""},"_links":{"self":[{"href":"https:\/\/www.europesays.com\/fr\/wp-json\/wp\/v2\/posts\/460216","targetHints":{"allow":["GET"]}}],"collection":[{"href":"https:\/\/www.europesays.com\/fr\/wp-json\/wp\/v2\/posts"}],"about":[{"href":"https:\/\/www.europesays.com\/fr\/wp-json\/wp\/v2\/types\/post"}],"author":[{"embeddable":true,"href":"https:\/\/www.europesays.com\/fr\/wp-json\/wp\/v2\/users\/2"}],"replies":[{"embeddable":true,"href":"https:\/\/www.europesays.com\/fr\/wp-json\/wp\/v2\/comments?post=460216"}],"version-history":[{"count":0,"href":"https:\/\/www.europesays.com\/fr\/wp-json\/wp\/v2\/posts\/460216\/revisions"}],"wp:featuredmedia":[{"embeddable":true,"href":"https:\/\/www.europesays.com\/fr\/wp-json\/wp\/v2\/media\/460217"}],"wp:attachment":[{"href":"https:\/\/www.europesays.com\/fr\/wp-json\/wp\/v2\/media?parent=460216"}],"wp:term":[{"taxonomy":"category","embeddable":true,"href":"https:\/\/www.europesays.com\/fr\/wp-json\/wp\/v2\/categories?post=460216"},{"taxonomy":"post_tag","embeddable":true,"href":"https:\/\/www.europesays.com\/fr\/wp-json\/wp\/v2\/tags?post=460216"}],"curies":[{"name":"wp","href":"https:\/\/api.w.org\/{rel}","templated":true}]}}