{"id":460218,"date":"2025-10-13T15:59:12","date_gmt":"2025-10-13T15:59:12","guid":{"rendered":"https:\/\/www.europesays.com\/fr\/460218\/"},"modified":"2025-10-13T15:59:12","modified_gmt":"2025-10-13T15:59:12","slug":"des-employes-dun-sous-traitant-de-la-poste-suspectes-davoir-vole-de-nombreux-colis-pres-de-nancy","status":"publish","type":"post","link":"https:\/\/www.europesays.com\/fr\/460218\/","title":{"rendered":"Des employ\u00e9s d&rsquo;un sous-traitant de La Poste suspect\u00e9s d&rsquo;avoir vol\u00e9 de nombreux colis pr\u00e8s de Nancy"},"content":{"rendered":"<p>            Par<br \/>\n        <strong><br \/>\n            <a href=\"https:\/\/actu.fr\/auteur\/pierre-emile-bouchy-actu-fr\" title=\"Consulter tous les articles de Paul-Emile Bouchy\" rel=\"nofollow noopener\" target=\"_blank\">Paul-Emile Bouchy<\/a><br \/>\n        <\/strong><\/p>\n<p>        Publi\u00e9 le<\/p>\n<p>            13 oct. 2025 \u00e0 17h55        <\/p>\n<p>Apr\u00e8s pr\u00e8s d\u2019un an d\u2019enqu\u00eate sous la direction du parquet de <a href=\"https:\/\/actu.fr\/grand-est\/nancy_54395\" rel=\"nofollow noopener\" target=\"_blank\">Nancy<\/a>, <strong>quatre hommes ont \u00e9t\u00e9 interpell\u00e9s<\/strong> par les policiers de la brigade d\u2019atteinte aux biens mardi 7\u00a0octobre.<\/p>\n<p class=\" wall-content\"><strong>Employ\u00e9s dans une entreprise sous-traitante <\/strong>de <a href=\"https:\/\/actu.fr\/tag\/la-poste\" rel=\"nofollow noopener\" target=\"_blank\">La Poste<\/a>, ils sont suspect\u00e9s d\u2019avoir <strong>vol\u00e9 et revendu des colis<\/strong> destin\u00e9s \u00e0 des particuliers.<\/p>\n<p>Plusieurs milliers d\u2019euros de pr\u00e9judice<\/p>\n<p class=\" wall-content\">Selon la police, les quatre individus \u00e2g\u00e9s de 30 \u00e0 36\u00a0ans travaillent pour <strong>une entreprise bas\u00e9e \u00e0 Maizi\u00e8res<\/strong> (<a href=\"https:\/\/actu.fr\/grand-est\/meurthe-et-moselle_54\" rel=\"nofollow noopener\" target=\"_blank\">Meurthe-et-Moselle<\/a>). Les investigations ont \u00e9t\u00e9 ouvertes apr\u00e8s des signalements des enqu\u00eateurs de La Poste.<\/p>\n<p class=\" wall-content\">Lors des perquisitions men\u00e9es aux domiciles des suspects, de nombreux colis ont \u00e9t\u00e9 retrouv\u00e9s\u2009: <strong>v\u00eatements, \u00e9lectrom\u00e9nagers, t\u00e9l\u00e9phones\u2026<\/strong> \u00ab\u2009Ils en ont aussi revendu. Le pr\u00e9judice s\u2019\u00e9l\u00e8ve \u00e0 <strong>plusieurs milliers d\u2019euros<\/strong>\u2009\u00bb, indique la <a href=\"https:\/\/actu.fr\/tag\/police\" rel=\"nofollow noopener\" target=\"_blank\">police<\/a>.<\/p>\n<p>L\u2019enqu\u00eate est toujours en cours<\/p>\n<p class=\" wall-content\">Les forces de l\u2019ordre ajoutent qu\u2019il y a eu aussi <strong>de \u00ab\u2009fausses d\u00e9clarations de vols de colis par de fausses victimes\u2009\u00bb<\/strong> pour toucher des remboursements.<\/p>\n<p class=\" wall-content\">Interpell\u00e9s, les suspects ont \u00e9t\u00e9 remis en libert\u00e9 le temps que l\u2019enqu\u00eate se poursuive.<\/p>\n<p class=\" wall-content\">Personnalisez votre actualit\u00e9 en ajoutant vos villes et m\u00e9dias en favori avec <a href=\"https:\/\/moncompte.actu.fr\" title=\"D\u00e9couvez Mon Actu\" rel=\"nofollow noopener\" data-trk=\"{&quot;cta&quot;:{&quot;action&quot;:&quot;https:\\\/\\\/moncompte.actu.fr&quot;,&quot;category&quot;:&quot;mon compte&quot;,&quot;from&quot;:&quot;article footer&quot;,&quot;name&quot;:&quot;Mon actu&quot;,&quot;type&quot;:&quot;cta&quot;}}\" target=\"_blank\">Mon Actu<\/a>.<\/p>\n","protected":false},"excerpt":{"rendered":"Par Paul-Emile Bouchy Publi\u00e9 le 13 oct. 2025 \u00e0 17h55 Apr\u00e8s pr\u00e8s d\u2019un an d\u2019enqu\u00eate sous la direction&hellip;\n","protected":false},"author":2,"featured_media":460219,"comment_status":"","ping_status":"","sticky":false,"template":"","format":"standard","meta":{"footnotes":""},"categories":[9635],"tags":[1111,11,1777,674,118,1011,27,775,303,3316,1702,12,1072,25],"class_list":{"0":"post-460218","1":"post","2":"type-post","3":"status-publish","4":"format-standard","5":"has-post-thumbnail","7":"category-nancy","8":"tag-actu","9":"tag-actualites","10":"tag-eu","11":"tag-europe","12":"tag-faits-divers","13":"tag-fr","14":"tag-france","15":"tag-grand-est","16":"tag-justice","17":"tag-la-poste","18":"tag-nancy","19":"tag-news","20":"tag-police","21":"tag-republique-francaise"},"share_on_mastodon":{"url":"https:\/\/pubeurope.com\/@fr\/115367691248329145","error":""},"_links":{"self":[{"href":"https:\/\/www.europesays.com\/fr\/wp-json\/wp\/v2\/posts\/460218","targetHints":{"allow":["GET"]}}],"collection":[{"href":"https:\/\/www.europesays.com\/fr\/wp-json\/wp\/v2\/posts"}],"about":[{"href":"https:\/\/www.europesays.com\/fr\/wp-json\/wp\/v2\/types\/post"}],"author":[{"embeddable":true,"href":"https:\/\/www.europesays.com\/fr\/wp-json\/wp\/v2\/users\/2"}],"replies":[{"embeddable":true,"href":"https:\/\/www.europesays.com\/fr\/wp-json\/wp\/v2\/comments?post=460218"}],"version-history":[{"count":0,"href":"https:\/\/www.europesays.com\/fr\/wp-json\/wp\/v2\/posts\/460218\/revisions"}],"wp:featuredmedia":[{"embeddable":true,"href":"https:\/\/www.europesays.com\/fr\/wp-json\/wp\/v2\/media\/460219"}],"wp:attachment":[{"href":"https:\/\/www.europesays.com\/fr\/wp-json\/wp\/v2\/media?parent=460218"}],"wp:term":[{"taxonomy":"category","embeddable":true,"href":"https:\/\/www.europesays.com\/fr\/wp-json\/wp\/v2\/categories?post=460218"},{"taxonomy":"post_tag","embeddable":true,"href":"https:\/\/www.europesays.com\/fr\/wp-json\/wp\/v2\/tags?post=460218"}],"curies":[{"name":"wp","href":"https:\/\/api.w.org\/{rel}","templated":true}]}}