{"id":460223,"date":"2025-10-13T16:02:12","date_gmt":"2025-10-13T16:02:12","guid":{"rendered":"https:\/\/www.europesays.com\/fr\/460223\/"},"modified":"2025-10-13T16:02:12","modified_gmt":"2025-10-13T16:02:12","slug":"nous-devons-tenir-bon-face-au-fanatisme-hommage-solennel-a-samuel-paty-et-dominique-bernard","status":"publish","type":"post","link":"https:\/\/www.europesays.com\/fr\/460223\/","title":{"rendered":"\u00ab\u00a0Nous devons tenir bon face au fanatisme\u00a0\u00bb, hommage solennel \u00e0 Samuel Paty et Dominique Bernard"},"content":{"rendered":"<p>            Par<br \/>\n        <strong><br \/>\n            <a href=\"https:\/\/actu.fr\/auteur\/lea-pippinato\" title=\"Consulter tous les articles de L\u00e9a Pippinato\" rel=\"nofollow noopener\" target=\"_blank\">L\u00e9a Pippinato<\/a><br \/>\n        <\/strong><\/p>\n<p>        Publi\u00e9 le<\/p>\n<p>            13 oct. 2025 \u00e0 17h47        <\/p>\n<p>Dans la cour du rectorat de Montpellier, le silence a saisi l\u2019air <strong>ce lundi 13 octobre au matin. <\/strong>Une minute pour se souvenir de Samuel Paty, d\u00e9capit\u00e9 en 2020, et de Dominique Bernard, poignard\u00e9 trois ans plus tard. Deux enseignants morts parce qu\u2019ils exer\u00e7aient leur m\u00e9tier.<\/p>\n<p>    <a href=\"https:\/\/www.google.com\/maps\/embed?pb=!1m18!1m12!1m3!1d5777.342991084479!2d3.8742904764601236!3d43.613381071104044!2m3!1f0!2f0!3f0!3m2!1i1024!2i768!4f13.1!3m3!1m2!1s0x12b6af08f2b26b51%3A0xffb2767630940506!2sRector%20Of%20The%20Academy%20De%20Montpellier!5e0!3m2!1sen!2sfr!4v1760363984831!5m2!1sen!2sfr\" title=\"Ouvrie le lien\" rel=\"nofollow noopener\" target=\"_blank\">Cliquez ici pour visualiser le contenu<\/a><\/p>\n<p class=\" wall-content\">Avant le recueillement, une c\u00e9r\u00e9monie officielle a ouvert l\u2019hommage. La rectrice de l\u2019acad\u00e9mie de Montpellier et de la r\u00e9gion acad\u00e9mique Occitanie, Carole Drucker-Godard, a pris la parole la premi\u00e8re. Sa voix, ferme et \u00e9mue, a rappel\u00e9 la force de l\u2019institution face aux menaces. \u00ab\u00a0Nous ne leur rendons pas justice par la peur ou le repli, mais par le courage, la rigueur et la clart\u00e9 de nos principes.\u00a0\u00bb<\/p>\n<p>Des paroles pour construire, non pour c\u00e9der<\/p>\n<p class=\" wall-content\">La rectrice a salu\u00e9 l\u2019engagement quotidien des personnels de l\u2019\u00c9ducation nationale, et insist\u00e9 sur la vigilance et la formation continue des \u00e9quipes : \u00ab\u00a0Chaque situation aujourd\u2019hui est signal\u00e9e, fait l\u2019objet d\u2019une r\u00e9ponse \u00e9ducative, juridique et disciplinaire concert\u00e9e\u00a0\u00bb, soulignant la \u00ab\u00a0tol\u00e9rance z\u00e9ro\u00a0\u00bb face \u00e0 toute atteinte \u00e0 la la\u00efcit\u00e9. Elle a \u00e9voqu\u00e9 <a href=\"https:\/\/www.ac-montpellier.fr\/le-pole-valeurs-123386\" rel=\"nofollow noopener\" target=\"_blank\">le p\u00f4le Valeurs<\/a>, <strong>cr\u00e9\u00e9 en 2019<\/strong>, qui agit dans l\u2019ensemble de l\u2019acad\u00e9mie. Trois axes structurent cette mobilisation : faire vivre les valeurs r\u00e9publicaines, favoriser un climat scolaire serein et renforcer l\u2019\u00e9ducation \u00e0 la citoyennet\u00e9. \u00ab\u00a0Le plus grand hommage \u00e0 Samuel Paty et \u00e0 Dominique Bernard, c\u2019est de continuer \u00e0 faire aimer la libert\u00e9 par l\u2019enseignement.\u00a0\u00bb<\/p>\n<blockquote class=\"ac-article-quote wall-content\">\n<p>\u00ab\u00a0Le plus grand hommage \u00e0 Samuel Paty et \u00e0 Dominique Bernard, c\u2019est de continuer \u00e0 faire aimer la libert\u00e9 par l\u2019enseignement\u00a0\u00bb<\/p>\n<p>    <strong>Carole Drucker-Godard<\/strong><br \/>\n        Rectrice de l&rsquo;acad\u00e9mie de Montpellier    <\/p><\/blockquote>\n<p class=\" wall-content\">L\u2019\u00e9motion a travers\u00e9 les visages. Le pr\u00e9fet de l\u2019H\u00e9rault, Fran\u00e7ois-Xavier Lauch, le maire de Montpellier, Micha\u00ebl Delafosse, le procureur, la pr\u00e9sidente du tribunal correctionnel, des \u00e9lus, des repr\u00e9sentants universitaires et religieux avaient r\u00e9pondu \u00e0 l\u2019invitation. Tous ont tenu \u00e0 exprimer leur soutien aux enseignants. L\u2019\u00e9dile montpelli\u00e9rain a d\u2019ailleurs salu\u00e9 la m\u00e9moire de deux professeurs \u00ab\u00a0victimes du fanatisme religieux\u00a0\u00bb, et rappel\u00e9 le r\u00f4le central de l\u2019\u00e9cole publique : \u00ab\u00a0Le jour o\u00f9 nous cesserons de nous souvenir, leur m\u00e9moire sera effac\u00e9e et leur engagement oubli\u00e9.\u00a0\u00bb<\/p>\n<p>Vid\u00e9os : en ce moment sur Actu<\/p>\n<p class=\" wall-content\">Il a aussi \u00e9voqu\u00e9 le sens du mot grav\u00e9 sur le fronton des \u00e9coles : <strong>\u00ab\u00a0\u00c9cole publique la\u00efque.\u00a0\u00bb<\/strong> Une inscription volontaire : \u00ab\u00a0Parce que parfois, l\u2019autorit\u00e9 enseignante est d\u00e9fi\u00e9e, il faut redire nos principes. Ils sont \u00e9crits ici.\u00a0\u00bb Le maire a rappel\u00e9 les inaugurations de lieux portant leurs noms : <a href=\"https:\/\/actu.fr\/occitanie\/montpellier_34172\/montpellier-le-ministre-de-l-education-nationale-fier-d-inaugurer-l-ecole-samuel-paty_53857620.html\" rel=\"nofollow noopener\" target=\"_blank\">l\u2019\u00e9cole Samuel Paty \u00e0 Montpellier<\/a> et <a href=\"https:\/\/actu.fr\/occitanie\/montpellier_34172\/montpellier-un-parvis-au-nom-de-dominique-bernard-pour-ne-pas-oublier_61978317.html\" rel=\"nofollow noopener\" target=\"_blank\">le parvis Dominique Bernard devant le coll\u00e8ge Port Marianne.<\/a> \u00ab\u00a0Des gestes qui rappellent \u00e0 nos enfants pourquoi la R\u00e9publique tient debout.\u00a0\u00bb<\/p>\n<p>Votre r\u00e9gion, votre actu !<\/p>\n<p>Recevez chaque jour les infos qui comptent pour vous.<\/p>\n<p>\t<a href=\"https:\/\/actu.fr\/newsletter\" class=\"ac-btn ac-btn--corner ac-btn--medium ac-btn--blue800\" rel=\"nofollow noopener\" target=\"_blank\">S&rsquo;incrire<\/a><\/p>\n<p>    <img   decoding=\"async\" loading=\"lazy\" src=\"https:\/\/www.europesays.com\/fr\/wp-content\/uploads\/2025\/10\/tempimageeulem0-960x640.jpg\" alt=\"La c\u00e9r\u00e9monie a mis en lumi\u00e8re le travail du P\u00f4le Valeurs, cr\u00e9\u00e9 en 2019 pour renforcer la formation \u00e0 la la\u00efcit\u00e9.\" width=\"960\" height=\"640\"\/><br \/>\n    La c\u00e9r\u00e9monie a mis en lumi\u00e8re le travail du P\u00f4le Valeurs, cr\u00e9\u00e9 en 2019 pour renforcer la formation \u00e0 la la\u00efcit\u00e9. (\u00a9M\u00e9tropolitain \/ LP)L\u2019\u00c9tat r\u00e9affirme sa protection<\/p>\n<p class=\" wall-content\">Prenant la parole \u00e0 son tour, le pr\u00e9fet Fran\u00e7ois-Xavier Lauch a salu\u00e9 \u00ab\u00a0les enseignants, remparts les plus pr\u00e9cieux contre les menaces qui p\u00e8sent sur la nation.\u00a0\u00bb Le repr\u00e9sentant de l\u2019\u00c9tat a reconnu les peurs n\u00e9es des assassinats : \u00ab\u00a0Ces actes ont cr\u00e9\u00e9 de la crainte, c\u2019est ce qu\u2019ils visaient. Mais notre r\u00e9ponse doit \u00eatre l\u2019inverse : se tenir debout.\u00a0\u00bb \u00c0 la demande de la ministre de l\u2019\u00c9ducation nationale \u00c9lisabeth Borne, cette minute de silence sera renouvel\u00e9e ce mardi 14 octobre dans tous les coll\u00e8ges et lyc\u00e9es de France. Un rituel national pour que la m\u00e9moire de ces drames demeure vive. <a href=\"https:\/\/actu.fr\/occitanie\/montpellier_34172\/montpellier-hommage-a-samuel-paty-des-caricatures-de-charlie-hebdo-projetees-sur-l-hotel-de-region_36926120.html\" rel=\"nofollow noopener\" target=\"_blank\">Chaque ann\u00e9e depuis 2020<\/a>, Montpellier se rassemble ainsi. Les paroles changent, les visages se renouvellent, mais l\u2019intention reste la m\u00eame : affirmer que l\u2019\u00e9cole ne plie pas.<\/p>\n<p class=\" wall-content\">Personnalisez votre actualit\u00e9 en ajoutant vos villes et m\u00e9dias en favori avec <a href=\"https:\/\/moncompte.actu.fr\" title=\"D\u00e9couvez Mon Actu\" rel=\"nofollow noopener\" data-trk=\"{&quot;cta&quot;:{&quot;action&quot;:&quot;https:\\\/\\\/moncompte.actu.fr&quot;,&quot;category&quot;:&quot;mon compte&quot;,&quot;from&quot;:&quot;article footer&quot;,&quot;name&quot;:&quot;Mon actu&quot;,&quot;type&quot;:&quot;cta&quot;}}\" target=\"_blank\">Mon Actu<\/a>.<\/p>\n","protected":false},"excerpt":{"rendered":"Par L\u00e9a Pippinato Publi\u00e9 le 13 oct. 2025 \u00e0 17h47 Dans la cour du rectorat de Montpellier, le&hellip;\n","protected":false},"author":2,"featured_media":460224,"comment_status":"","ping_status":"","sticky":false,"template":"","format":"standard","meta":{"footnotes":""},"categories":[9599],"tags":[1111,11,1777,674,1011,27,2208,12,2680,4020,25,104],"class_list":{"0":"post-460223","1":"post","2":"type-post","3":"status-publish","4":"format-standard","5":"has-post-thumbnail","7":"category-montpellier","8":"tag-actu","9":"tag-actualites","10":"tag-eu","11":"tag-europe","12":"tag-fr","13":"tag-france","14":"tag-montpellier","15":"tag-news","16":"tag-occitanie","17":"tag-religion","18":"tag-republique-francaise","19":"tag-societe"},"share_on_mastodon":{"url":"https:\/\/pubeurope.com\/@fr\/115367703509497879","error":""},"_links":{"self":[{"href":"https:\/\/www.europesays.com\/fr\/wp-json\/wp\/v2\/posts\/460223","targetHints":{"allow":["GET"]}}],"collection":[{"href":"https:\/\/www.europesays.com\/fr\/wp-json\/wp\/v2\/posts"}],"about":[{"href":"https:\/\/www.europesays.com\/fr\/wp-json\/wp\/v2\/types\/post"}],"author":[{"embeddable":true,"href":"https:\/\/www.europesays.com\/fr\/wp-json\/wp\/v2\/users\/2"}],"replies":[{"embeddable":true,"href":"https:\/\/www.europesays.com\/fr\/wp-json\/wp\/v2\/comments?post=460223"}],"version-history":[{"count":0,"href":"https:\/\/www.europesays.com\/fr\/wp-json\/wp\/v2\/posts\/460223\/revisions"}],"wp:featuredmedia":[{"embeddable":true,"href":"https:\/\/www.europesays.com\/fr\/wp-json\/wp\/v2\/media\/460224"}],"wp:attachment":[{"href":"https:\/\/www.europesays.com\/fr\/wp-json\/wp\/v2\/media?parent=460223"}],"wp:term":[{"taxonomy":"category","embeddable":true,"href":"https:\/\/www.europesays.com\/fr\/wp-json\/wp\/v2\/categories?post=460223"},{"taxonomy":"post_tag","embeddable":true,"href":"https:\/\/www.europesays.com\/fr\/wp-json\/wp\/v2\/tags?post=460223"}],"curies":[{"name":"wp","href":"https:\/\/api.w.org\/{rel}","templated":true}]}}