{"id":460235,"date":"2025-10-13T16:08:20","date_gmt":"2025-10-13T16:08:20","guid":{"rendered":"https:\/\/www.europesays.com\/fr\/460235\/"},"modified":"2025-10-13T16:08:20","modified_gmt":"2025-10-13T16:08:20","slug":"pres-de-rennes-ce-chantier-dextension-urbaine-xxl-franchit-une-etape-decisive","status":"publish","type":"post","link":"https:\/\/www.europesays.com\/fr\/460235\/","title":{"rendered":"Pr\u00e8s de Rennes, ce chantier d\u2019extension urbaine XXL franchit une \u00e9tape d\u00e9cisive"},"content":{"rendered":"<p>C\u2019est, de loin, le plus vaste chantier d\u2019extension urbaine du territoire de Rennes M\u00e9tropole. 200 hectares \u00e0 Cesson-S\u00e9vign\u00e9, \u00e0 l\u2019est de Rennes, 5 700 logements d\u2019ici 2045, environ 12 000 nouveaux habitants et 8 400 emplois esp\u00e9r\u00e9s. Une phase importante de ce chantier colossal va prendre fin d\u2019ici la fin de l\u2019ann\u00e9e : la livraison de quelque 800 logements dans la partie r\u00e9sidentielle du quartier, celle dite des Pierrins. \u00ab Il reste 100 logements \u00e0 terminer le long de l\u2019avenue des Champs-Blancs \u00bb, explique Jean-Pierre Savignac, maire de Cesson-S\u00e9vign\u00e9.<\/p>\n<p>Un nouveau quartier au nord de la commune, donc, \u00e0 50 % am\u00e9nag\u00e9 avec des maisons individuelles et \u00e0 50 % avec des immeubles \u00ab en R + 4 plus Attic maximum \u00bb. \u00ab Apr\u00e8s ces nouveaux logements, on fera une pause pendant deux \u00e0 trois ans pour que les gens prennent leurs marques \u00bb. Une pause dans les travaux ? Pas vraiment.<\/p>\n<p>Une concertation lanc\u00e9e pour les futurs am\u00e9nagements<\/p>\n<p>Car qui dit nouveau quartier, dit \u00e9quipements publics. L\u00e0, rien n\u2019est sorti de terre. Pour le moment. \u00ab La premi\u00e8re pierre d\u2019une \u00e9cole de huit classes et 190 \u00e9l\u00e8ves sera pos\u00e9e en janvier 2026, pour une ouverture \u00e0 la rentr\u00e9e 2027 \u00bb. Co\u00fbt de l\u2019op\u00e9ration : 7,2 M\u20ac \u00e0 la charge de la ZAC. \u00ab Une concertation a \u00e9t\u00e9 lanc\u00e9e avec les Cessonnais en ce mois d\u2019octobre pour les futurs \u00e9quipements sportifs. \u00bb<\/p>\n<p>Le premier de ces \u00e9quipements, un terrain ext\u00e9rieur de 500 000 \u20ac qui servira notamment pour les cours de sport de la nouvelle \u00e9cole, sera livr\u00e9 en 2027. \u00ab Il y aura une piste d\u2019athl\u00e9tisme car elle sera n\u00e9cessaire pour les enfants de l\u2019\u00e9cole, note l\u2019\u00e9dile. Pour le reste, c\u2019est \u00e0 discuter avec les habitants. On veut un \u00e9quipement qui puisse \u00eatre ouvert \u00e0 tous en journ\u00e9e. \u00bb Dans le parc de 45 hectares attenant, une aire de jeux est \u00e9galement \u00e0 l\u2019\u00e9tude. \u00ab Elle figure aussi dans cette concertation, mais il s\u2019agit d\u2019une zone naturelle, et elle le restera \u00bb, affirme Jean-Pierre Savignac.<\/p>\n<p>\u00ab Renforcer la liaison avec le bourg historique \u00bb<\/p>\n<p>Restera alors \u00e0 renforcer la connexion de ce nouveau quartier au centre historique de Cesson. \u00ab C\u2019est un point sur lequel on travaille et qui est un vrai enjeu. On aura besoin d\u2019\u00eatre aid\u00e9 par Rennes M\u00e9tropole pour faire de la liaison en bus car aujourd\u2019hui, il faut un quart d\u2019heure \u00e0 pied pour rejoindre le march\u00e9 du bourg depuis Les Pierrins. Il faut que ce lien entre le nord et le sud de la commune existe car naturellement, le lien se fera vers l\u2019ouest et Rennes \u00bb.<\/p>\n<p>Car le terminus de la ligne B du m\u00e9tro rennais est \u00e0 deux pas. Une zone d\u00e9volue au tertiaire qui vit avant tout la journ\u00e9e en semaine. \u00ab L\u00e0 aussi, nous devons proposer des infrastructures car les restaurants sont pleins le midi, mais il n\u2019y a personne le soir \u00bb. Un supermarch\u00e9 devrait voir le jour en 2030 dans la zone du terminus du m\u00e9tro, et une halle gourmande regroupant des commerces de bouche d\u2019ici 2029.<\/p>\n","protected":false},"excerpt":{"rendered":"C\u2019est, de loin, le plus vaste chantier d\u2019extension urbaine du territoire de Rennes M\u00e9tropole. 200 hectares \u00e0 Cesson-S\u00e9vign\u00e9,&hellip;\n","protected":false},"author":2,"featured_media":460236,"comment_status":"","ping_status":"","sticky":false,"template":"","format":"standard","meta":{"footnotes":""},"categories":[2821],"tags":[1111,11,829,1777,674,1011,27,848,12,50972,584,25,10810],"class_list":{"0":"post-460235","1":"post","2":"type-post","3":"status-publish","4":"format-standard","5":"has-post-thumbnail","7":"category-rennes","8":"tag-actu","9":"tag-actualites","10":"tag-bretagne","11":"tag-eu","12":"tag-europe","13":"tag-fr","14":"tag-france","15":"tag-ille-et-vilaine","16":"tag-news","17":"tag-newsletter-la-rennes-quotidienne","18":"tag-rennes","19":"tag-republique-francaise","20":"tag-urbanisme-a-rennes"},"share_on_mastodon":{"url":"https:\/\/pubeurope.com\/@fr\/115367726590435335","error":""},"_links":{"self":[{"href":"https:\/\/www.europesays.com\/fr\/wp-json\/wp\/v2\/posts\/460235","targetHints":{"allow":["GET"]}}],"collection":[{"href":"https:\/\/www.europesays.com\/fr\/wp-json\/wp\/v2\/posts"}],"about":[{"href":"https:\/\/www.europesays.com\/fr\/wp-json\/wp\/v2\/types\/post"}],"author":[{"embeddable":true,"href":"https:\/\/www.europesays.com\/fr\/wp-json\/wp\/v2\/users\/2"}],"replies":[{"embeddable":true,"href":"https:\/\/www.europesays.com\/fr\/wp-json\/wp\/v2\/comments?post=460235"}],"version-history":[{"count":0,"href":"https:\/\/www.europesays.com\/fr\/wp-json\/wp\/v2\/posts\/460235\/revisions"}],"wp:featuredmedia":[{"embeddable":true,"href":"https:\/\/www.europesays.com\/fr\/wp-json\/wp\/v2\/media\/460236"}],"wp:attachment":[{"href":"https:\/\/www.europesays.com\/fr\/wp-json\/wp\/v2\/media?parent=460235"}],"wp:term":[{"taxonomy":"category","embeddable":true,"href":"https:\/\/www.europesays.com\/fr\/wp-json\/wp\/v2\/categories?post=460235"},{"taxonomy":"post_tag","embeddable":true,"href":"https:\/\/www.europesays.com\/fr\/wp-json\/wp\/v2\/tags?post=460235"}],"curies":[{"name":"wp","href":"https:\/\/api.w.org\/{rel}","templated":true}]}}