{"id":460251,"date":"2025-10-13T16:16:11","date_gmt":"2025-10-13T16:16:11","guid":{"rendered":"https:\/\/www.europesays.com\/fr\/460251\/"},"modified":"2025-10-13T16:16:11","modified_gmt":"2025-10-13T16:16:11","slug":"une-exposition-de-1000-lanternes-feeriques-va-illuminer-le-parc-bordelais-tout-lhiver","status":"publish","type":"post","link":"https:\/\/www.europesays.com\/fr\/460251\/","title":{"rendered":"Une exposition de 1000 lanternes f\u00e9\u00e9riques va illuminer le Parc Bordelais tout l&rsquo;hiver"},"content":{"rendered":"<p>Le Parc Bordelais dans ses habits de lumi\u00e8res<\/p>\n<p data-start=\"440\" data-end=\"885\">Pour le plus grand bonheur des grands r\u00eaveurs, l&rsquo;Odyss\u00e9e Lumineuse fait son grand retour \u00e0 Bordeaux du 12 d\u00e9cembre au 11 janvier 2026. Chaque soir, d\u00e8s la tomb\u00e9e du jour, le parc s\u2019\u00e9veille sous la lueur de <strong data-start=\"511\" data-end=\"551\">plus de 1 000 lanternes monumentales<\/strong>.<\/p>\n<p data-start=\"440\" data-end=\"885\">Le parcours, d&rsquo;une dur\u00e9e d&rsquo;1H30 environ, plonge le visiteur dans un univers f\u00e9\u00e9rique\u00a0: la <strong data-start=\"604\" data-end=\"622\">for\u00eat des f\u00e9es<\/strong>, les <strong data-start=\"628\" data-end=\"652\">fonds marins color\u00e9s<\/strong>, la <strong data-start=\"657\" data-end=\"682\">vall\u00e9e des dinosaures<\/strong>, ou encore le <strong data-start=\"697\" data-end=\"718\">myst\u00e8re des Indes<\/strong> et les <strong data-start=\"726\" data-end=\"747\">licornes magiques <\/strong>sont autant de tableaux qui redonnent vie \u00e0 des l\u00e9gendes&#8230; Un parcours lumineux et immersif, o\u00f9 pandas roux, koalas yogis et cr\u00e9atures mythiques se c\u00f4toient dans une sc\u00e9nographie \u00e9tincelante.<\/p>\n<blockquote class=\"instagram-media\" data-instgrm-captioned=\"\" data-instgrm-permalink=\"https:\/\/www.instagram.com\/reel\/DPmiszNDKTT\/?utm_source=ig_embed&amp;utm_campaign=loading\" data-instgrm-version=\"14\" style=\"background: #FFF; border: 0; border-radius: 3px; box-shadow: 0 0 1px 0 rgba(0,0,0,0.5),0 1px 10px 0 rgba(0,0,0,0.15); margin: 1px; max-width: 540px; min-width: 326px; padding: 0; width: calc(100% - 2px);\">\n<\/blockquote>\n<p data-start=\"887\" data-end=\"1083\">Nouveaut\u00e9 cette ann\u00e9e\u00a0: un <strong data-start=\"914\" data-end=\"946\">spectacle d\u2019aurores bor\u00e9ales<\/strong> viendra habiller le ciel du parc de reflets mouvants et color\u00e9s, pour cr\u00e9er une atmosph\u00e8re digne des plus beaux paradis nordiques.<\/p>\n<p>Un spectacle d\u2019ombres chinoises in\u00e9dit<\/p>\n<p data-start=\"1136\" data-end=\"1449\">En parall\u00e8le des illuminations, les visiteurs pourront assister \u00e0 un <strong data-start=\"1205\" data-end=\"1237\">spectacle d\u2019ombres chinoises<\/strong> sign\u00e9 <strong data-start=\"1244\" data-end=\"1265\">The Black Fingers<\/strong>, duo d\u2019artistes fran\u00e7ais mondialement reconnu pour sa ma\u00eetrise de l\u2019ombromanie. Trois fois par soir, leurs cr\u00e9ations po\u00e9tiques et visuelles viendront prolonger la magie du parcours.<\/p>\n<blockquote class=\"instagram-media\" data-instgrm-captioned=\"\" data-instgrm-permalink=\"https:\/\/www.instagram.com\/reel\/DPWNAhRjOSJ\/?utm_source=ig_embed&amp;utm_campaign=loading\" data-instgrm-version=\"14\" style=\"background: #FFF; border: 0; border-radius: 3px; box-shadow: 0 0 1px 0 rgba(0,0,0,0.5),0 1px 10px 0 rgba(0,0,0,0.15); margin: 1px; max-width: 540px; min-width: 326px; padding: 0; width: calc(100% - 2px);\">\n<\/blockquote>\n<p data-start=\"1136\" data-end=\"1449\">Le billet (16\u20ac non dat\u00e9 et 10\u20ac pour une date fixe) comprend l\u2019acc\u00e8s au parcours lumineux, aux <strong data-start=\"1917\" data-end=\"1937\">aurores bor\u00e9ales<\/strong> et au <strong data-start=\"1944\" data-end=\"1976\">spectacle d\u2019ombres chinoises<\/strong>.\u00a0<\/p>\n<p>Parc Bordelais<\/p>\n<li class=\"opening-hours\">Lundi &#8211; dimanche : 7:00 &#8211; 19:00<\/li>\n<p><script async src=\"\/\/www.instagram.com\/embed.js\"><\/script><\/p>\n","protected":false},"excerpt":{"rendered":"Le Parc Bordelais dans ses habits de lumi\u00e8res Pour le plus grand bonheur des grands r\u00eaveurs, l&rsquo;Odyss\u00e9e Lumineuse&hellip;\n","protected":false},"author":2,"featured_media":460252,"comment_status":"","ping_status":"","sticky":false,"template":"","format":"standard","meta":{"footnotes":""},"categories":[2817],"tags":[1111,11,1997,1777,674,1011,27,12,2219,25],"class_list":{"0":"post-460251","1":"post","2":"type-post","3":"status-publish","4":"format-standard","5":"has-post-thumbnail","7":"category-bordeaux","8":"tag-actu","9":"tag-actualites","10":"tag-bordeaux","11":"tag-eu","12":"tag-europe","13":"tag-fr","14":"tag-france","15":"tag-news","16":"tag-nouvelle-aquitaine","17":"tag-republique-francaise"},"share_on_mastodon":{"url":"https:\/\/pubeurope.com\/@fr\/115367757927610482","error":""},"_links":{"self":[{"href":"https:\/\/www.europesays.com\/fr\/wp-json\/wp\/v2\/posts\/460251","targetHints":{"allow":["GET"]}}],"collection":[{"href":"https:\/\/www.europesays.com\/fr\/wp-json\/wp\/v2\/posts"}],"about":[{"href":"https:\/\/www.europesays.com\/fr\/wp-json\/wp\/v2\/types\/post"}],"author":[{"embeddable":true,"href":"https:\/\/www.europesays.com\/fr\/wp-json\/wp\/v2\/users\/2"}],"replies":[{"embeddable":true,"href":"https:\/\/www.europesays.com\/fr\/wp-json\/wp\/v2\/comments?post=460251"}],"version-history":[{"count":0,"href":"https:\/\/www.europesays.com\/fr\/wp-json\/wp\/v2\/posts\/460251\/revisions"}],"wp:featuredmedia":[{"embeddable":true,"href":"https:\/\/www.europesays.com\/fr\/wp-json\/wp\/v2\/media\/460252"}],"wp:attachment":[{"href":"https:\/\/www.europesays.com\/fr\/wp-json\/wp\/v2\/media?parent=460251"}],"wp:term":[{"taxonomy":"category","embeddable":true,"href":"https:\/\/www.europesays.com\/fr\/wp-json\/wp\/v2\/categories?post=460251"},{"taxonomy":"post_tag","embeddable":true,"href":"https:\/\/www.europesays.com\/fr\/wp-json\/wp\/v2\/tags?post=460251"}],"curies":[{"name":"wp","href":"https:\/\/api.w.org\/{rel}","templated":true}]}}