{"id":460253,"date":"2025-10-13T16:17:10","date_gmt":"2025-10-13T16:17:10","guid":{"rendered":"https:\/\/www.europesays.com\/fr\/460253\/"},"modified":"2025-10-13T16:17:10","modified_gmt":"2025-10-13T16:17:10","slug":"le-journaliste-jean-pierre-gauffre-raconte-la-folle-histoire-du-disco-a-bordeaux","status":"publish","type":"post","link":"https:\/\/www.europesays.com\/fr\/460253\/","title":{"rendered":"Le journaliste Jean-Pierre Gauffre raconte la folle histoire du disco \u00e0 Bordeaux"},"content":{"rendered":"<p>Des ann\u00e9es 1970 au tout d\u00e9but des ann\u00e9es 1980, la musique disco a envahi les pistes de danse du monde entier. \u00ab\u00a0Se pencher sur l\u2019histoire de cette musique joyeuse, superficielle en apparence, c\u2019est aussi et surtout revivre l\u2019\u00e9mancipation des communaut\u00e9s homosexuelles dans les pays occidentaux, des discriminations initiales jusqu\u2019\u00e0 l\u2019arriv\u00e9e des terribles ann\u00e9es Sida\u00a0\u00bb, explique Jean-Pierre Gauffre.<\/p>\n<p>La conf\u00e9rence sera illustr\u00e9e de nombreux extraits vid\u00e9o de l\u2019\u00e9poque, l\u2019occasion de revoir certaines stars du disco comme les Bee Gees, Patrick Hernandez, Boney M, Abba et Gloria Gaynor.<\/p>\n","protected":false},"excerpt":{"rendered":"Des ann\u00e9es 1970 au tout d\u00e9but des ann\u00e9es 1980, la musique disco a envahi les pistes de danse&hellip;\n","protected":false},"author":2,"featured_media":460254,"comment_status":"","ping_status":"","sticky":false,"template":"","format":"standard","meta":{"footnotes":""},"categories":[2817],"tags":[1111,11,1997,1777,674,1011,27,12,2219,25],"class_list":{"0":"post-460253","1":"post","2":"type-post","3":"status-publish","4":"format-standard","5":"has-post-thumbnail","7":"category-bordeaux","8":"tag-actu","9":"tag-actualites","10":"tag-bordeaux","11":"tag-eu","12":"tag-europe","13":"tag-fr","14":"tag-france","15":"tag-news","16":"tag-nouvelle-aquitaine","17":"tag-republique-francaise"},"share_on_mastodon":{"url":"https:\/\/pubeurope.com\/@fr\/115367762002988380","error":""},"_links":{"self":[{"href":"https:\/\/www.europesays.com\/fr\/wp-json\/wp\/v2\/posts\/460253","targetHints":{"allow":["GET"]}}],"collection":[{"href":"https:\/\/www.europesays.com\/fr\/wp-json\/wp\/v2\/posts"}],"about":[{"href":"https:\/\/www.europesays.com\/fr\/wp-json\/wp\/v2\/types\/post"}],"author":[{"embeddable":true,"href":"https:\/\/www.europesays.com\/fr\/wp-json\/wp\/v2\/users\/2"}],"replies":[{"embeddable":true,"href":"https:\/\/www.europesays.com\/fr\/wp-json\/wp\/v2\/comments?post=460253"}],"version-history":[{"count":0,"href":"https:\/\/www.europesays.com\/fr\/wp-json\/wp\/v2\/posts\/460253\/revisions"}],"wp:featuredmedia":[{"embeddable":true,"href":"https:\/\/www.europesays.com\/fr\/wp-json\/wp\/v2\/media\/460254"}],"wp:attachment":[{"href":"https:\/\/www.europesays.com\/fr\/wp-json\/wp\/v2\/media?parent=460253"}],"wp:term":[{"taxonomy":"category","embeddable":true,"href":"https:\/\/www.europesays.com\/fr\/wp-json\/wp\/v2\/categories?post=460253"},{"taxonomy":"post_tag","embeddable":true,"href":"https:\/\/www.europesays.com\/fr\/wp-json\/wp\/v2\/tags?post=460253"}],"curies":[{"name":"wp","href":"https:\/\/api.w.org\/{rel}","templated":true}]}}