{"id":460255,"date":"2025-10-13T16:18:09","date_gmt":"2025-10-13T16:18:09","guid":{"rendered":"https:\/\/www.europesays.com\/fr\/460255\/"},"modified":"2025-10-13T16:18:09","modified_gmt":"2025-10-13T16:18:09","slug":"1-7-coworking-lunion-fait-la-force","status":"publish","type":"post","link":"https:\/\/www.europesays.com\/fr\/460255\/","title":{"rendered":"1\/7. Coworking : L\u2019union fait la force"},"content":{"rendered":"<p>Ils seraient pass\u00e9s de 1800 en 2019, \u00e0 3500 en 2023 en France, et plus de 430 se situent en Occitanie. En Haute-Garonne (\u00e0 33\u00a0%) et dans l\u2019H\u00e9rault (pour 15\u00a0%), mais surtout en dehors des grandes villes. Les tiers-lieux maillent ainsi l\u2019ensemble du territoire, de fa\u00e7on de plus en plus serr\u00e9e, mais avec des typologies tr\u00e8s vari\u00e9es. Selon l\u2019Observatoire de France Tiers-Lieux, la r\u00e9gion propose par exemple une majorit\u00e9 de bureaux partag\u00e9s et d\u2019espaces de coworking, et aussi de nombreux lieux culturels, fablabs  et autres living labs  fr\u00e9quent\u00e9s par un large public aux motivations h\u00e9t\u00e9roclites.<\/p>\n<p>Dans ce dossier, ToulEmploi s\u2019est int\u00e9ress\u00e9 plus particuli\u00e8rement aux personnes qui s\u2019y rendent pour travailler\u00a0: ind\u00e9pendants, salari\u00e9s nomades, chefs d\u2019entreprise\u2026 Afin de mieux comprendre leurs choix et tenter de d\u00e9crypter les facteurs soutenant l\u2019essor du flex-office et des espaces de travail partag\u00e9s. Nous avons \u00e9galement \u00e9tudi\u00e9 l\u2019offre, ses sp\u00e9cificit\u00e9s, la mani\u00e8re dont le march\u00e9 se d\u00e9veloppe et se structure\u2026 et d\u00e9nich\u00e9 au passage plusieurs initiatives tr\u00e8s novatrices\u00a0!<\/p>\n<p>Car le travail en espace partag\u00e9 continue de gagner du terrain, investissant des sph\u00e8res inattendues, imaginant des concepts tr\u00e8s surprenants. Chacune des propositions t\u00e9moigne d\u2019une \u00e9volution des besoins. Des nouveaux enjeux \u00e9conomiques, \u00e9cologiques et soci\u00e9taux. Et d\u2019une m\u00eame philosophie. Celle qui consiste \u00e0 miser sur le collectif. Une d\u00e9marche plut\u00f4t r\u00e9confortante dans le contexte actuel\u2026<br class=\"autobr\"\/><br \/>\nIngrid Lemelle <\/p>\n<p><strong>Le dossier en int\u00e9gralit\u00e9, \u00e0 d\u00e9couvrir dans le dernier ToulEco le Mag, en kiosque pour sur notre boutique.<br class=\"autobr\"\/><br \/>\nEdition Toulouse <a href=\"https:\/\/www.touleco.fr\/ToulEco-no63-Stefan-May-L-auto-motive\" class=\"spip_out\" rel=\"external noopener\" target=\"_blank\">ici<\/a><br class=\"autobr\"\/><br \/>\nEdition Montpellier <a href=\"https:\/\/www.touleco.fr\/ToulEco-Montpellier-no35-Clelia-Oliva-chasseuse-de-tigres\" class=\"spip_out\" rel=\"external noopener\" target=\"_blank\">ici<\/a><\/strong><\/p>\n<p>Sur la photo\u00a0: A Toulouse, At Home h\u00e9berge environ 680 personnes issues de 120 structures. Cr\u00e9dit photo H\u00e9l\u00e8ne Ressayres \/ ToulEmploi.<br class=\"autobr\"\/><\/p>\n","protected":false},"excerpt":{"rendered":"Ils seraient pass\u00e9s de 1800 en 2019, \u00e0 3500 en 2023 en France, et plus de 430 se&hellip;\n","protected":false},"author":2,"featured_media":460256,"comment_status":"","ping_status":"","sticky":false,"template":"","format":"standard","meta":{"footnotes":""},"categories":[2816],"tags":[1111,11,21374,341,1777,674,1011,27,12,2680,25,8322,2312],"class_list":{"0":"post-460255","1":"post","2":"type-post","3":"status-publish","4":"format-standard","5":"has-post-thumbnail","7":"category-toulouse","8":"tag-actu","9":"tag-actualites","10":"tag-coworking","11":"tag-emploi","12":"tag-eu","13":"tag-europe","14":"tag-fr","15":"tag-france","16":"tag-news","17":"tag-occitanie","18":"tag-republique-francaise","19":"tag-ressources-humaines","20":"tag-toulouse"},"share_on_mastodon":{"url":"https:\/\/pubeurope.com\/@fr\/115367765955158973","error":""},"_links":{"self":[{"href":"https:\/\/www.europesays.com\/fr\/wp-json\/wp\/v2\/posts\/460255","targetHints":{"allow":["GET"]}}],"collection":[{"href":"https:\/\/www.europesays.com\/fr\/wp-json\/wp\/v2\/posts"}],"about":[{"href":"https:\/\/www.europesays.com\/fr\/wp-json\/wp\/v2\/types\/post"}],"author":[{"embeddable":true,"href":"https:\/\/www.europesays.com\/fr\/wp-json\/wp\/v2\/users\/2"}],"replies":[{"embeddable":true,"href":"https:\/\/www.europesays.com\/fr\/wp-json\/wp\/v2\/comments?post=460255"}],"version-history":[{"count":0,"href":"https:\/\/www.europesays.com\/fr\/wp-json\/wp\/v2\/posts\/460255\/revisions"}],"wp:featuredmedia":[{"embeddable":true,"href":"https:\/\/www.europesays.com\/fr\/wp-json\/wp\/v2\/media\/460256"}],"wp:attachment":[{"href":"https:\/\/www.europesays.com\/fr\/wp-json\/wp\/v2\/media?parent=460255"}],"wp:term":[{"taxonomy":"category","embeddable":true,"href":"https:\/\/www.europesays.com\/fr\/wp-json\/wp\/v2\/categories?post=460255"},{"taxonomy":"post_tag","embeddable":true,"href":"https:\/\/www.europesays.com\/fr\/wp-json\/wp\/v2\/tags?post=460255"}],"curies":[{"name":"wp","href":"https:\/\/api.w.org\/{rel}","templated":true}]}}