{"id":460257,"date":"2025-10-13T16:19:14","date_gmt":"2025-10-13T16:19:14","guid":{"rendered":"https:\/\/www.europesays.com\/fr\/460257\/"},"modified":"2025-10-13T16:19:14","modified_gmt":"2025-10-13T16:19:14","slug":"airbus-setend-sur-18-hectares-a-toulouse-face-a-lexplosion-des-commandes-davions","status":"publish","type":"post","link":"https:\/\/www.europesays.com\/fr\/460257\/","title":{"rendered":"Airbus s&rsquo;\u00e9tend sur 18 hectares \u00e0 Toulouse face \u00e0 l&rsquo;explosion des commandes d&rsquo;avions"},"content":{"rendered":"<p>C&rsquo;est du jamais vu depuis vingt ans. Airbus vient d&rsquo;annoncer un projet qui va demander plusieurs centaines de millions d&rsquo;euros d&rsquo;investissement pour \u00e9tendre de 18 hectares, d&rsquo;ici \u00e0 2028, ses sites \u00e0 Toulouse. Le g\u00e9ant europ\u00e9en emploie actuellement plus de 25 000 personnes dans la Ville rose uniquement sur la branche avions civils.<\/p>\n<p>M\u00eame si le site Jean-Luc Lagard\u00e8re va concentrer deux-tiers du programme d&rsquo;extension, les autres sites du nord-ouest de Toulouse vont \u00e9galement s&rsquo;agrandir. Depuis l&rsquo;\u00e9t\u00e9 2023, le site Jean-Luc Lagard\u00e8re abrite <a href=\"https:\/\/latribune.fr\/entreprises\/business\/2025-01-29\/aeronautique-airbus-commence-a-fabriquer-des-a321-xlr-a-toulouse-1017025.html\" target=\"_blank\" rel=\"noopener\">la nouvelle ligne d&rsquo;assemblage finale (FAL) de la famille A320<\/a>. Elle vise \u00e0 accompagner la mont\u00e9e en cadence spectaculaire attendue sur les monocouloirs et en particulier l&rsquo;envol de l&rsquo;A321 NEO, le nouveau best-seller de l&rsquo;avionneur europ\u00e9en.<\/p>\n","protected":false},"excerpt":{"rendered":"C&rsquo;est du jamais vu depuis vingt ans. Airbus vient d&rsquo;annoncer un projet qui va demander plusieurs centaines de&hellip;\n","protected":false},"author":2,"featured_media":460258,"comment_status":"","ping_status":"","sticky":false,"template":"","format":"standard","meta":{"footnotes":""},"categories":[2816],"tags":[17,1111,11,36,56827,1777,674,2823,1011,27,3573,23667,12,2680,25,58482,3356,2312],"class_list":{"0":"post-460257","1":"post","2":"type-post","3":"status-publish","4":"format-standard","5":"has-post-thumbnail","7":"category-toulouse","8":"tag-17","9":"tag-actu","10":"tag-actualites","11":"tag-airbus","12":"tag-defense-et-aerospatiale","13":"tag-eu","14":"tag-europe","15":"tag-face","16":"tag-fr","17":"tag-france","18":"tag-hectares","19":"tag-lexplosion","20":"tag-news","21":"tag-occitanie","22":"tag-republique-francaise","23":"tag-setend","24":"tag-sur","25":"tag-toulouse"},"share_on_mastodon":{"url":"https:\/\/pubeurope.com\/@fr\/115367769928511713","error":""},"_links":{"self":[{"href":"https:\/\/www.europesays.com\/fr\/wp-json\/wp\/v2\/posts\/460257","targetHints":{"allow":["GET"]}}],"collection":[{"href":"https:\/\/www.europesays.com\/fr\/wp-json\/wp\/v2\/posts"}],"about":[{"href":"https:\/\/www.europesays.com\/fr\/wp-json\/wp\/v2\/types\/post"}],"author":[{"embeddable":true,"href":"https:\/\/www.europesays.com\/fr\/wp-json\/wp\/v2\/users\/2"}],"replies":[{"embeddable":true,"href":"https:\/\/www.europesays.com\/fr\/wp-json\/wp\/v2\/comments?post=460257"}],"version-history":[{"count":0,"href":"https:\/\/www.europesays.com\/fr\/wp-json\/wp\/v2\/posts\/460257\/revisions"}],"wp:featuredmedia":[{"embeddable":true,"href":"https:\/\/www.europesays.com\/fr\/wp-json\/wp\/v2\/media\/460258"}],"wp:attachment":[{"href":"https:\/\/www.europesays.com\/fr\/wp-json\/wp\/v2\/media?parent=460257"}],"wp:term":[{"taxonomy":"category","embeddable":true,"href":"https:\/\/www.europesays.com\/fr\/wp-json\/wp\/v2\/categories?post=460257"},{"taxonomy":"post_tag","embeddable":true,"href":"https:\/\/www.europesays.com\/fr\/wp-json\/wp\/v2\/tags?post=460257"}],"curies":[{"name":"wp","href":"https:\/\/api.w.org\/{rel}","templated":true}]}}