{"id":460267,"date":"2025-10-13T16:24:15","date_gmt":"2025-10-13T16:24:15","guid":{"rendered":"https:\/\/www.europesays.com\/fr\/460267\/"},"modified":"2025-10-13T16:24:15","modified_gmt":"2025-10-13T16:24:15","slug":"lyon-monica-bellucci-appelee-a-temoigner-au-tribunal-correctionnel-de-lyon-ce-lundi","status":"publish","type":"post","link":"https:\/\/www.europesays.com\/fr\/460267\/","title":{"rendered":"Lyon. Monica Bellucci appel\u00e9e \u00e0 t\u00e9moigner au tribunal correctionnel de Lyon ce lundi"},"content":{"rendered":"<p>L\u2019actrice italienne Monica Bellucci \u00e9tait appel\u00e9e comme t\u00e9moin \u00e0 la barre du tribunal correctionnel de Lyon ce lundi 13\u00a0octobre \u00e0 la demande du cin\u00e9aste Tom Volf, r\u00e9alisateur de Maria Callas\u00a0: lettres et m\u00e9moires. La star mondiale qui incarne la diva dans le film n\u2019\u00e9tait pas pr\u00e9sente au palais de justice de Lyon mais le sera peut-\u00eatre le 9\u00a0f\u00e9vrier, date \u00e0 laquelle l\u2019examen du dossier a \u00e9t\u00e9 renvoy\u00e9.<\/p>\n<p>Tom Volf accuse la soci\u00e9t\u00e9 de production Pictures d\u2019avoir diffus\u00e9 sans son accord \u00ab\u00a0une version inachev\u00e9e\u00a0\u00bb du documentaire et de ne pas avoir respect\u00e9 son droit au \u00ab\u00a0final cut\u00a0\u00bb, c\u2019est-\u00e0-dire son droit de regard sur la version finale de l\u2019\u0153uvre, nous apprend l\u2019AFP. \u00ab\u00a0La production \u00e9tait parfaitement inform\u00e9e qu\u2019il s\u2019opposait \u00e0 l\u2019exploitation de cette version [\u2026], nous en avons la preuve\u00a0\u00bb, explique son avocat Paul Le F\u00e8vre.<\/p>\n<p>  Monica Bellucci\u00a0pourrait \u00e9clairer les juges<\/p>\n<p>Selon Tom Volf, <a href=\"https:\/\/www.leprogres.fr\/culture-loisirs\/2024\/10\/11\/audiard-bellucci-lindon-huppert-ces-personnalites-qui-animeront-le-festival-lumiere-2024\" target=\"_blank\" rel=\"nofollow noopener\">Monica Bellucci<\/a> pourrait \u00e9clairer les juges sur les conditions de sortie du film puisqu\u2019elle \u00e9tait inform\u00e9e du diff\u00e9rend qui opposait r\u00e9alisateur et producteur.<\/p>\n<p>Le r\u00e9alisateur et metteur en sc\u00e8ne am\u00e9ricain s\u2019\u00e9tait pris de passion pour le parcours de la cantatrice grecque. Il lui a consacr\u00e9 un premier documentaire, intitul\u00e9 Maria by Callas , sorti en 2017, une biographie Maria Callas\u00a0: lettres et m\u00e9moires ( 2019, Albin Michel), ainsi qu\u2019une pi\u00e8ce de th\u00e9\u00e2tre, dans laquelle <a href=\"https:\/\/www.leprogres.fr\/culture-loisirs\/2024\/09\/11\/huppert-lelouch-bellucci-tout-ce-qui-vous-attend-au-festival-lumiere-de-lyon\" target=\"_blank\" rel=\"nofollow noopener\">Monica Bellucci<\/a> incarnait d\u00e9j\u00e0 la cantatrice.\u00a0C\u2019est cette pi\u00e8ce qui a par la suite donn\u00e9 lieu au projet de film documentaire de la discorde. Le film avait \u00e9t\u00e9 pr\u00e9sent\u00e9 en 2023 \u00e0 Italie, en Gr\u00e8ce, en Espagne et \u00e0 New York. En France, l\u2019avant-premi\u00e8re avait \u00e9t\u00e9 projet\u00e9e \u00e0 Lyon, le 14\u00a0octobre 2024, lors du Festival Lumi\u00e8re, dont la 17e \u00e9dition se d\u00e9roule en ce moment m\u00eame.<\/p>\n","protected":false},"excerpt":{"rendered":"L\u2019actrice italienne Monica Bellucci \u00e9tait appel\u00e9e comme t\u00e9moin \u00e0 la barre du tribunal correctionnel de Lyon ce lundi&hellip;\n","protected":false},"author":2,"featured_media":460268,"comment_status":"","ping_status":"","sticky":false,"template":"","format":"standard","meta":{"footnotes":""},"categories":[1889],"tags":[1111,11,2430,650,1687,2757,1777,674,274,1011,27,2428,2756,12,973,25,2429,104],"class_list":{"0":"post-460267","1":"post","2":"type-post","3":"status-publish","4":"format-standard","5":"has-post-thumbnail","7":"category-lyon","8":"tag-actu","9":"tag-actualites","10":"tag-auvergne-rhone-alpes","11":"tag-cinema","12":"tag-culture-loisirs","13":"tag-edition-lyon-villeurbanne","14":"tag-eu","15":"tag-europe","16":"tag-faits-divers-justice","17":"tag-fr","18":"tag-france","19":"tag-lyon","20":"tag-lyon-bassin","21":"tag-news","22":"tag-people","23":"tag-republique-francaise","24":"tag-rhone","25":"tag-societe"},"share_on_mastodon":{"url":"https:\/\/pubeurope.com\/@fr\/115367789422949354","error":""},"_links":{"self":[{"href":"https:\/\/www.europesays.com\/fr\/wp-json\/wp\/v2\/posts\/460267","targetHints":{"allow":["GET"]}}],"collection":[{"href":"https:\/\/www.europesays.com\/fr\/wp-json\/wp\/v2\/posts"}],"about":[{"href":"https:\/\/www.europesays.com\/fr\/wp-json\/wp\/v2\/types\/post"}],"author":[{"embeddable":true,"href":"https:\/\/www.europesays.com\/fr\/wp-json\/wp\/v2\/users\/2"}],"replies":[{"embeddable":true,"href":"https:\/\/www.europesays.com\/fr\/wp-json\/wp\/v2\/comments?post=460267"}],"version-history":[{"count":0,"href":"https:\/\/www.europesays.com\/fr\/wp-json\/wp\/v2\/posts\/460267\/revisions"}],"wp:featuredmedia":[{"embeddable":true,"href":"https:\/\/www.europesays.com\/fr\/wp-json\/wp\/v2\/media\/460268"}],"wp:attachment":[{"href":"https:\/\/www.europesays.com\/fr\/wp-json\/wp\/v2\/media?parent=460267"}],"wp:term":[{"taxonomy":"category","embeddable":true,"href":"https:\/\/www.europesays.com\/fr\/wp-json\/wp\/v2\/categories?post=460267"},{"taxonomy":"post_tag","embeddable":true,"href":"https:\/\/www.europesays.com\/fr\/wp-json\/wp\/v2\/tags?post=460267"}],"curies":[{"name":"wp","href":"https:\/\/api.w.org\/{rel}","templated":true}]}}