{"id":460269,"date":"2025-10-13T16:25:13","date_gmt":"2025-10-13T16:25:13","guid":{"rendered":"https:\/\/www.europesays.com\/fr\/460269\/"},"modified":"2025-10-13T16:25:13","modified_gmt":"2025-10-13T16:25:13","slug":"raison-home-vous-donne-rendez-vous-au-forum-franchise-lyon-2025","status":"publish","type":"post","link":"https:\/\/www.europesays.com\/fr\/460269\/","title":{"rendered":"Raison Home vous donne rendez-vous au Forum Franchise Lyon 2025"},"content":{"rendered":"<p>Un rendez-vous cl\u00e9 pour les candidats \u00e0 la franchise<\/p>\n<p>Organis\u00e9 par la CCI Lyon M\u00e9tropole Saint-\u00c9tienne Roanne, le Forum Franchise Lyon est devenu un \u00e9v\u00e9nement de r\u00e9f\u00e9rence pour tous ceux qui souhaitent entreprendre en franchise. Avec plus de 150 enseignes exposantes, il attire chaque ann\u00e9e des centaines de visiteurs venus \u00e9changer avec les r\u00e9seaux et concr\u00e9tiser leur projet entrepreneurial.<\/p>\n<p>Pour Raison Home, ce salon est l\u2019occasion id\u00e9ale de pr\u00e9senter son concept original, fond\u00e9 sur la co-conception \u00e0 domicile et l\u2019\u00e9coute active des besoins des clients. L\u2019enseigne se distingue par une approche humaine et sur mesure : chaque franchis\u00e9 accompagne ses clients dans la cr\u00e9ation de leur am\u00e9nagement int\u00e9rieur \u2013 cuisine, salle de bain, dressing \u2013 en cultivant la proximit\u00e9 et la confiance.<\/p>\n<p>Raison Home : une franchise centr\u00e9e sur l\u2019humain<\/p>\n<p>Lors du Forum Franchise Lyon 2025, l\u2019\u00e9quipe d\u00e9veloppement de Raison Home accueillera les visiteurs sur le stand C13 pour leur faire d\u00e9couvrir les multiples atouts du concept. Les porteurs de projets pourront \u00e9changer sur leur parcours, leur reconversion ou leurs ambitions entrepreneuriales, et obtenir des r\u00e9ponses concr\u00e8tes sur les conditions d\u2019acc\u00e8s, l\u2019investissement initial et la formation propos\u00e9e.<\/p>\n<p>Avec plus de 100 franchis\u00e9s en Europe, Raison Home s\u2019impose comme un acteur majeur de l\u2019am\u00e9nagement int\u00e9rieur sur mesure, offrant \u00e0 chacun la possibilit\u00e9 d\u2019entreprendre avec accompagnement, bienveillance et r\u00e9ussite collective.<\/p>\n<p>Un mod\u00e8le structur\u00e9 et tourn\u00e9 vers la r\u00e9ussite<\/p>\n<p>Raison Home a con\u00e7u un mod\u00e8le cl\u00e9 en main pour permettre \u00e0 chaque franchis\u00e9 de se concentrer sur son c\u0153ur de m\u00e9tier : l\u2019accompagnement client. L\u2019enseigne propose une formation initiale compl\u00e8te, un accompagnement continu, un soutien marketing performant et des outils digitaux innovants pour simplifier la gestion quotidienne.<\/p>\n<p>Gr\u00e2ce \u00e0 cette approche \u00e9prouv\u00e9e, les franchis\u00e9s \u00e9voluent dans un environnement propice \u00e0 la croissance et \u00e0 l\u2019\u00e9panouissement professionnel, soutenus par un r\u00e9seau solidaire o\u00f9 l\u2019entraide et le partage d\u2019exp\u00e9rience sont essentiels.<\/p>\n<p>Rendez-vous \u00e0 Lyon pour d\u00e9couvrir un concept inspirant<\/p>\n<p>Le Forum Franchise Lyon 2025 sera l\u2019occasion id\u00e9ale de d\u00e9couvrir un mod\u00e8le entrepreneurial innovant, fond\u00e9 sur la proximit\u00e9 et la co-conception. Que vous soyez en r\u00e9flexion ou pr\u00eat \u00e0 vous lancer, venez rencontrer l\u2019\u00e9quipe de Raison Home et donnez vie \u00e0 votre projet d\u2019entreprise au sein d\u2019un r\u00e9seau \u00e0 taille humaine, tourn\u00e9 vers la r\u00e9ussite collective.<\/p>\n","protected":false},"excerpt":{"rendered":"Un rendez-vous cl\u00e9 pour les candidats \u00e0 la franchise Organis\u00e9 par la CCI Lyon M\u00e9tropole Saint-\u00c9tienne Roanne, le&hellip;\n","protected":false},"author":2,"featured_media":460270,"comment_status":"","ping_status":"","sticky":false,"template":"","format":"standard","meta":{"footnotes":""},"categories":[1889],"tags":[1111,11,2430,1777,674,1011,27,2428,12,25],"class_list":{"0":"post-460269","1":"post","2":"type-post","3":"status-publish","4":"format-standard","5":"has-post-thumbnail","7":"category-lyon","8":"tag-actu","9":"tag-actualites","10":"tag-auvergne-rhone-alpes","11":"tag-eu","12":"tag-europe","13":"tag-fr","14":"tag-france","15":"tag-lyon","16":"tag-news","17":"tag-republique-francaise"},"share_on_mastodon":{"url":"https:\/\/pubeurope.com\/@fr\/115367793528484677","error":""},"_links":{"self":[{"href":"https:\/\/www.europesays.com\/fr\/wp-json\/wp\/v2\/posts\/460269","targetHints":{"allow":["GET"]}}],"collection":[{"href":"https:\/\/www.europesays.com\/fr\/wp-json\/wp\/v2\/posts"}],"about":[{"href":"https:\/\/www.europesays.com\/fr\/wp-json\/wp\/v2\/types\/post"}],"author":[{"embeddable":true,"href":"https:\/\/www.europesays.com\/fr\/wp-json\/wp\/v2\/users\/2"}],"replies":[{"embeddable":true,"href":"https:\/\/www.europesays.com\/fr\/wp-json\/wp\/v2\/comments?post=460269"}],"version-history":[{"count":0,"href":"https:\/\/www.europesays.com\/fr\/wp-json\/wp\/v2\/posts\/460269\/revisions"}],"wp:featuredmedia":[{"embeddable":true,"href":"https:\/\/www.europesays.com\/fr\/wp-json\/wp\/v2\/media\/460270"}],"wp:attachment":[{"href":"https:\/\/www.europesays.com\/fr\/wp-json\/wp\/v2\/media?parent=460269"}],"wp:term":[{"taxonomy":"category","embeddable":true,"href":"https:\/\/www.europesays.com\/fr\/wp-json\/wp\/v2\/categories?post=460269"},{"taxonomy":"post_tag","embeddable":true,"href":"https:\/\/www.europesays.com\/fr\/wp-json\/wp\/v2\/tags?post=460269"}],"curies":[{"name":"wp","href":"https:\/\/api.w.org\/{rel}","templated":true}]}}