{"id":460275,"date":"2025-10-13T16:28:23","date_gmt":"2025-10-13T16:28:23","guid":{"rendered":"https:\/\/www.europesays.com\/fr\/460275\/"},"modified":"2025-10-13T16:28:23","modified_gmt":"2025-10-13T16:28:23","slug":"enfants-evacues-cellule-de-crise-une-crue-centennale-simulee-en-conditions-reelles-en-plein-paris","status":"publish","type":"post","link":"https:\/\/www.europesays.com\/fr\/460275\/","title":{"rendered":"Enfants \u00e9vacu\u00e9s, cellule de crise\u2026 Une crue centennale simul\u00e9e \u00ab\u00a0en conditions r\u00e9elles\u00a0\u00bb en plein Paris"},"content":{"rendered":"<p>            Par<br \/>\n        <strong><br \/>\n            <a href=\"https:\/\/actu.fr\/auteur\/augustin-delaporte\" title=\"Consulter tous les articles de Augustin Delaporte\" target=\"_blank\" rel=\"noopener\">Augustin Delaporte<\/a><br \/>\n        <\/strong><\/p>\n<p>        Publi\u00e9 le<\/p>\n<p>            13 oct. 2025 \u00e0 18h16        <\/p>\n<p><a href=\"https:\/\/actu.fr\/ile-de-france\/paris_75056\/paris-a-50-c-une-centaine-d-habitants-va-vivre-une-canicule-extreme-dans-la-capitale_60188910.html\" target=\"_blank\" rel=\"noopener\">Deux ans jour pour jour apr\u00e8s \u00ab\u2009Paris \u00e0 50\u00a0\u00b0C\u2009\u00bb<\/a>, <a href=\"https:\/\/actu.fr\/ile-de-france\/paris_75056\/paris-sous-50-degres-comment-la-cellule-de-crise-de-la-ville-s-y-prepare_60218838.html\" target=\"_blank\" rel=\"noopener\">l\u2019exercice in\u00e9dit de pr\u00e9paration aux futures temp\u00e9ratures extr\u00eames<\/a> du 13\u00a0octobre 2023, la <a href=\"https:\/\/actu.fr\/tag\/mairie-de-paris\" target=\"_blank\" rel=\"noopener\">capitale<\/a> menait, \u00e0 l\u2019occasion de la journ\u00e9e nationale de la <a href=\"https:\/\/actu.fr\/ile-de-france\/paris_75056\/crue-attaque-terroriste-canicule-comment-la-ville-de-paris-se-prepare-a-affronter-les-crises-a-venir_61840970.html\" target=\"_blank\" rel=\"noopener\">r\u00e9silience<\/a>, <a href=\"https:\/\/actu.fr\/ile-de-france\/paris_75056\/c-est-le-risque-naturel-le-plus-important-a-paris-comment-la-capitale-se-prepare-a-une-crue-decennale_63239354.html\" target=\"_blank\" rel=\"noopener\">un second exercice de crise de grande ampleur<\/a>, lundi 13\u00a0octobre 2025.<br \/>Ce dernier, baptis\u00e9 <strong>\u00ab\u2009Paris Inond\u00e9\u2009\u00bb<\/strong>, projetait cette fois \u00ab\u2009ses joueurs\u2009\u00bb au 13\u00a0mars 2026, dans un <a href=\"https:\/\/actu.fr\/paris\/\" target=\"_blank\" rel=\"noopener\">Paris<\/a> vivant une crue acc\u00e9l\u00e9r\u00e9e de <a href=\"https:\/\/actu.fr\/tag\/la-seine\" target=\"_blank\" rel=\"noopener\">la Seine<\/a>, aggrav\u00e9e par un \u00e9pisode orageux violent et faisant craindre un d\u00e9passement du <strong>niveau historique de 8,62 m\u00e8tres<\/strong>. Une\u00a0journ\u00e9e de catastrophe fictive, dont le sc\u00e9nario a \u00e9t\u00e9 cr\u00e9\u00e9 de toutes pi\u00e8ces par les \u00e9quipes de la soci\u00e9t\u00e9 Crisotech, afin de tester la coordination d\u2019un maximum de services de la Ville. Immersion.<\/p>\n<p>Tous les services de la Ville concern\u00e9s sans exception<\/p>\n<p class=\" wall-content\">\u00ab\u2009Depuis deux mois, la capitale est \u00e9prouv\u00e9e. Quartiers entiers \u00e9vacu\u00e9s, transports \u00e0 l\u2019arr\u00eat, services publics en mode d\u00e9grad\u00e9, r\u00e9seau \u00e9lectrique sous tension\u2026 Pr\u00e8s de <strong>300 00 Parisiens ont d\u00e9j\u00e0 quitt\u00e9 leur domicile<\/strong> sur recommandation de la <a href=\"https:\/\/actu.fr\/tag\/prefecture-de-police-de-paris\" target=\"_blank\" rel=\"noopener\">pr\u00e9fecture de Police<\/a>. Selon les pr\u00e9visions, ce chiffre pourrait doubler dans les prochains jours. Mais avec des routes devenues impraticables, les habitants pourraient rester bloqu\u00e9s alors que la mont\u00e9e des eaux semble in\u00e9luctable\u2026\u2009\u00bb<\/p>\n<p class=\" wall-content\">R\u00e9unies dans la cellule de crise centrale (CCC) de la Ville Paris, situ\u00e9e dans la caserne Napol\u00e9on, l\u2019ensemble des directions des services de la municipalit\u00e9 assistent \u00e0 la diffusion d\u2019une \u00e9dition sp\u00e9ciale de France 7 tv (une fausse cha\u00eene). Il est 8\u2009h\u200930 et l\u2019exercice de crise vient de d\u00e9buter. <strong>Chef de projet pour Crisotech, Ziad Touat<\/strong>, rappelle un \u00e9l\u00e9ment d\u00e9terminant\u2009: \u00ab\u2009Tous les joueurs d\u00e9couvrent le sc\u00e9nario en temps r\u00e9el.\u2009\u00bb<\/p>\n<p>    <img   decoding=\"async\" loading=\"lazy\" src=\"https:\/\/www.europesays.com\/fr\/wp-content\/uploads\/2025\/10\/20251013-083442-960x640.jpg\" alt=\"Le premier journal t\u00e9l\u00e9vis\u00e9 (fictif) de la journ\u00e9e vient de se terminer et le tour de table a d\u00e9but\u00e9 au sein de la cellule de crise centrale de la Ville. \" width=\"960\" height=\"640\"\/><br \/>\n    Le premier journal t\u00e9l\u00e9vis\u00e9 (fictif) de la journ\u00e9e vient de se terminer et le tour de table a d\u00e9but\u00e9 au sein de la cellule de crise centrale de la Ville. (\u00a9AD \/ actu Paris)<\/p>\n<p class=\" wall-content\">Une fois le d\u00e9cor plant\u00e9, l\u2019adjointe \u00e0 la Maire de Paris charg\u00e9e de la r\u00e9silience, <a href=\"https:\/\/actu.fr\/ile-de-france\/paris_75056\/un-second-souffle-donne-a-la-maison-de-l-esport-a-paris-pour-rivaliser-avec-les-capitales-europeennes_60989212.html\" target=\"_blank\" rel=\"noopener\">P\u00e9n\u00e9lope Komit\u00e8s<\/a>, lance un tour de table au cours duquel chaque direction communique un bilan afin que tous aient <strong>le m\u00eame niveau d\u2019informations<\/strong>.<\/p>\n<p class=\" wall-content\">Peu avant 8\u2009h\u200945, la direction de la communication et de l\u2019information ferme la marche, avant que l\u2019adjointe ne s\u2019assure que tout le monde ait bien en m\u00e9moire les priorit\u00e9s de la Ville\u2009: assurer une continuit\u00e9 minimale des services et anticiper la d\u00e9gradation de la situation dans le but de prot\u00e9ger les services et les agents.<\/p>\n<p>    <img   decoding=\"async\" loading=\"lazy\" src=\"https:\/\/www.europesays.com\/fr\/wp-content\/uploads\/2025\/10\/20251013-085023-960x640.jpg\" alt=\"Un document partag\u00e9 aux diff\u00e9rentes directions plante le d\u00e9cor et sp\u00e9cifie, entre autres, que la cellule de crise centrale (CCC) de la Ville est activ\u00e9e depuis trois mois dans le sc\u00e9nario.\" width=\"960\" height=\"640\"\/><br \/>\n    Un document partag\u00e9 aux diff\u00e9rentes directions plante le d\u00e9cor et sp\u00e9cifie, entre autres, que la cellule de crise centrale (CCC) de la Ville est activ\u00e9e depuis trois mois dans le sc\u00e9nario. (\u00a9AD \/ actu Paris)<\/p>\n<p>Votre r\u00e9gion, votre actu !<\/p>\n<p>Recevez chaque jour les infos qui comptent pour vous.<\/p>\n<p>\t<a href=\"https:\/\/actu.fr\/newsletter\" class=\"ac-btn ac-btn--corner ac-btn--medium ac-btn--blue800\" target=\"_blank\" rel=\"noopener\">S&rsquo;incrire<\/a><\/p>\n<p class=\" wall-content\">Louis Bernard, fondateur de Crisotech, donne du relief \u00e0 ce qui se joue sous nos yeux\u2009: \u00ab\u2009Ce qui est important sur cette s\u00e9quence, c\u2019est de bien comprendre que toutes les directions sont pr\u00e9sentes parce qu\u2019une crise majeure affecte absolument tout le monde, il y a un effet de domino. On pense aux \u00e9coles, notamment, mais les mus\u00e9es, les espaces verts, les cimeti\u00e8res sont \u00e9galement concern\u00e9s.\u2009\u00bb<\/p>\n<p>Sensibiliser la population aux risques<\/p>\n<p class=\" wall-content\">En parall\u00e8le, tous les partenaires se mettent en branle. \u00c0 un jet de pierre de la place Baudoyer, un <strong>centre d\u2019accueil des impliqu\u00e9s<\/strong> (personnes sinistr\u00e9es qui ne sont pas bless\u00e9es) s\u2019est install\u00e9 dans une tente de la Protection Civile Paris Seine, mont\u00e9e au pied des marches de l\u2019\u00e9glise Saint-Gervais.<\/p>\n<p class=\" wall-content\">\u00c0 l\u2019int\u00e9rieur, des secouristes r\u00e9cup\u00e8rent les informations des sinistr\u00e9s (identit\u00e9, besoins et possibilit\u00e9 d\u2019h\u00e9bergement). Les familles sont alors jou\u00e9es par des <strong>participants b\u00e9n\u00e9voles<\/strong>, compos\u00e9s par une classe de CM\u20092 (de l\u2019\u00e9cole \u00e9l\u00e9mentaire Pelloutier, situ\u00e9e sur l\u2019\u00eele Saint-Louis), du personnel encadrant, des habitants de l\u2019immeuble et des volontaires de Paris.<\/p>\n<p>    <img   decoding=\"async\" loading=\"lazy\" src=\"https:\/\/www.europesays.com\/fr\/wp-content\/uploads\/2025\/10\/20251013-091718-960x640.jpg\" alt=\"Devant les cam\u00e9ras des journalistes, les secouristes de la Croix-Rouge re\u00e7oivent des participants jouant le r\u00f4le de familles \u00e9vacu\u00e9es de l'immeuble.  \" width=\"960\" height=\"640\"\/><br \/>\n    Devant les cam\u00e9ras des journalistes, les secouristes de la Croix-Rouge re\u00e7oivent des participants jouant le r\u00f4le de familles \u00e9vacu\u00e9es de l\u2019immeuble. (\u00a9AD \/ actu Paris)<\/p>\n<p class=\" wall-content\">\u00ab\u2009Comment tu t\u2019appelles\u2009? Tu as froid\u2009?\u2009\u00bb. Malgr\u00e9 la nu\u00e9e de journalistes, les secouristes singent la r\u00e9alit\u00e9. \u00ab\u2009L\u2019un des objectifs majeurs de ce type d\u2019exercice, c\u2019est d\u2019acculturer la population au risque. Les Parisiens sont tr\u00e8s peu sensibilis\u00e9s aux catastrophes et, par cons\u00e9quent, aux gestes \u00e0 adopter\u2009\u00bb, commente P\u00e9n\u00e9lope Komit\u00e8s.<\/p>\n<p>    <img   decoding=\"async\" loading=\"lazy\" src=\"https:\/\/www.europesays.com\/fr\/wp-content\/uploads\/2025\/10\/20251013-092138-960x640.jpg\" alt=\"L'adjointe charg\u00e9e de la r\u00e9silience accompagne une poign\u00e9e d'enfants participant \u00e0 l'exercice. \" width=\"960\" height=\"640\"\/><br \/>\n    L\u2019adjointe charg\u00e9e de la r\u00e9silience accompagne une poign\u00e9e d\u2019enfants participant \u00e0 l\u2019exercice. (\u00a9AD \/ actu Paris)<\/p>\n<p class=\" wall-content\">En amont de cette s\u00e9quence, un \u00ab\u2009tri\u2009\u00bb des personnes \u00e0 \u00e9vacuer de l\u2019immeuble d\u2019habitation du 109 rue de l\u2019H\u00f4tel de Ville a \u00e9t\u00e9 r\u00e9alis\u00e9, entre ceux \u00e0 r\u00e9orienter vers le centre, ceux \u00e0 prendre en charge en ambulance et ceux \u00e0 prendre en charge directement sur place.<\/p>\n<p>Un immeuble d\u2019habitation \u00e9vacu\u00e9 par le GRIMP<\/p>\n<p class=\" wall-content\">Pour l\u2019occasion, une habitante avait \u00ab\u2009pr\u00eat\u00e9 son appartement\u2009\u00bb, ce qui a permis au groupe d\u2019intervention en milieux p\u00e9rilleux (<a href=\"https:\/\/actu.fr\/ile-de-france\/paris_75056\/video-les-images-spectaculaires-de-l-evacuation-par-helicoptere-d-un-blesse-depuis-l-arc-de-triomphe_63286777.html\" target=\"_blank\" rel=\"noopener\">GRIMP<\/a>) des <a href=\"https:\/\/actu.fr\/tag\/brigade-de-sapeurs-pompiers-de-paris\" target=\"_blank\" rel=\"noopener\">pompiers de Paris<\/a> de faire descendre en rappel une civi\u00e8re avec une joueuse mimant une personne \u00e0 mobilit\u00e9 r\u00e9duite coinc\u00e9e dans l\u2019immeuble \u00e0 \u00e9vacuer, mais aussi d\u2019\u00e9vacuer par vagues successives des familles gr\u00e2ce \u00e0 un <strong>bras \u00e9l\u00e9vateur articul\u00e9<\/strong>.<\/p>\n<p>    <img   decoding=\"async\" loading=\"lazy\" src=\"https:\/\/www.europesays.com\/fr\/wp-content\/uploads\/2025\/10\/20251013-104411-960x640.jpg\" alt=\"Des enfants \u00e9vacu\u00e9s du 109 rue de l'H\u00f4tel de Ville par bras \u00e9l\u00e9vateur articul\u00e9. \" width=\"960\" height=\"640\"\/><br \/>\n    Des enfants \u00e9vacu\u00e9s du 109 rue de l\u2019H\u00f4tel de Ville par bras \u00e9l\u00e9vateur articul\u00e9. (\u00a9AD \/ actu Paris)<\/p>\n<p class=\" wall-content\">\u00ab\u2009Il faut garder en t\u00eate qu\u2019on simule l\u2019\u00e9vacuation de personnes qui n\u2019ont pas eu la possibilit\u00e9 de partir au moment de l\u2019ordre du pr\u00e9fet de police, notamment parce qu\u2019ils n\u2019auraient pas de familles ou d\u2019endroits ou aller. Celle-ci aurait d\u00e9but\u00e9 d\u00e8s l\u2019ordre d\u2019\u00e9vacuation (donc bien avant que le niveau de l\u2019eau soit aussi haut que le 13\u00a0mars 2026)\u2009\u00bb, resitue P\u00e9n\u00e9lope Komit\u00e8s.<\/p>\n<p>    <img   decoding=\"async\" loading=\"lazy\" src=\"https:\/\/www.europesays.com\/fr\/wp-content\/uploads\/2025\/10\/20251013-093534-960x640.jpg\" alt=\"Le GRIMP pr\u00e9pare son intervention.\" width=\"960\" height=\"640\"\/><br \/>\n    Le GRIMP pr\u00e9pare son intervention. (\u00a9AD \/ actu Paris)<\/p>\n<p class=\" wall-content\">\u00ab\u2009On a travaill\u00e9 sur deux sc\u00e9narios. Un premier o\u00f9 le niveau serait autour des 7\u00a0m\u00e8tres et donc avec des voies traficables, o\u00f9 l\u2019on \u00e9vacue les gens avec un bras \u00e9l\u00e9vateur. Le second avec un niveau de 8,62 m\u00e8tres, dans lequel on se sert d\u2019embarcations\u2009\u00bb, pr\u00e9cise pour sa part le lieutenant-colonel, Nicolas Belain.<\/p>\n<p>Des objectifs \u00e0 court et long terme<\/p>\n<p class=\" wall-content\">Chronom\u00e9tr\u00e9, le d\u00e9roul\u00e9 pr\u00e9voyait aussi un passage des participants par les stands pr\u00e9sentant les <strong>dispositifs mobilisables en cas d\u2019inondations<\/strong>, comme les passerelles pi\u00e9tonnes sur\u00e9lev\u00e9es, les batardeaux, etc.<\/p>\n<p class=\" wall-content\">En fin de matin\u00e9e, l\u2019Acad\u00e9mie du climat avait, elle, \u00e9t\u00e9 transform\u00e9e en centre d\u2019accueil et de regroupement de la population (CARE). Un repas y a \u00e9t\u00e9 propos\u00e9, sous forme de rations prises dans les stocks constitu\u00e9s avant la crue.<\/p>\n<p>    <img   decoding=\"async\" loading=\"lazy\" src=\"https:\/\/www.europesays.com\/fr\/wp-content\/uploads\/2025\/10\/20251013-110639-960x640.jpg\" alt=\"Les salles de l'Acad\u00e9mie du climat transform\u00e9es \u00e0 l'occasion de \" width=\"960\" height=\"640\"\/><br \/>\n    Les salles de l\u2019Acad\u00e9mie du climat transform\u00e9es \u00e0 l\u2019occasion de \u00ab\u2009Paris Inond\u00e9\u2009\u00bb. (\u00a9AD \/ actu Paris)<\/p>\n<p class=\" wall-content\">Dans l\u2019apr\u00e8s-midi, les enjeux li\u00e9s \u00e0 la d\u00e9crue, au retour \u00e0 domicile, \u00e0 la reconstruction et au retour \u00e0 la normale ont \u00e9t\u00e9 abord\u00e9s. Avant un premier retour d\u2019exp\u00e9rience (RETEX) \u00ab\u2009\u00e0 chaud\u2009\u00bb avec l\u2019ensemble des participants.<\/p>\n<p>    <img   decoding=\"async\" loading=\"lazy\" src=\"https:\/\/www.europesays.com\/fr\/wp-content\/uploads\/2025\/10\/20251013-093013-960x640.jpg\" alt=\"Le r\u00f4le d'un volontaire pour \" width=\"960\" height=\"640\"\/><br \/>\n    Le r\u00f4le d\u2019un volontaire pour \u00ab\u2009Paris Inond\u00e9\u2009\u00bb. (\u00a9AD \/ actu Paris)<\/p>\n<p class=\" wall-content\">Comme dans le cadre de \u00ab\u2009Paris \u00e0 50\u00a0\u00b0C\u2009\u00bb, un second RETEX \u00e0 froid aura ensuite lieu quelques semaines apr\u00e8s l\u2019\u00e9v\u00e9nement, via des questionnaires adress\u00e9s aux participants. Les enseignements tir\u00e9s de \u00ab\u2009Paris Inond\u00e9\u2009\u00bb feront, enfin, l\u2019objet d\u2019une publication d\u00e9di\u00e9e qui servira aux futures mesures prises par la Ville.<\/p>\n<p class=\" wall-content\">Personnalisez votre actualit\u00e9 en ajoutant vos villes et m\u00e9dias en favori avec <a href=\"https:\/\/moncompte.actu.fr\" title=\"D\u00e9couvez Mon Actu\" rel=\"nofollow noopener\" data-trk=\"{&quot;cta&quot;:{&quot;action&quot;:&quot;https:\\\/\\\/moncompte.actu.fr&quot;,&quot;category&quot;:&quot;mon compte&quot;,&quot;from&quot;:&quot;article footer&quot;,&quot;name&quot;:&quot;Mon actu&quot;,&quot;type&quot;:&quot;cta&quot;}}\" target=\"_blank\">Mon Actu<\/a>.<\/p>\n","protected":false},"excerpt":{"rendered":"Par Augustin Delaporte Publi\u00e9 le 13 oct. 2025 \u00e0 18h16 Deux ans jour pour jour apr\u00e8s \u00ab\u2009Paris \u00e0&hellip;\n","protected":false},"author":2,"featured_media":460276,"comment_status":"","ping_status":"","sticky":false,"template":"","format":"standard","meta":{"footnotes":""},"categories":[1888],"tags":[1111,1928,11,1927,1777,674,1011,27,2381,12,1926,626,1925,1072,1311,25,104],"class_list":{"0":"post-460275","1":"post","2":"type-post","3":"status-publish","4":"format-standard","5":"has-post-thumbnail","7":"category-paris","8":"tag-actu","9":"tag-actu-paris","10":"tag-actualites","11":"tag-actualites-paris","12":"tag-eu","13":"tag-europe","14":"tag-fr","15":"tag-france","16":"tag-mairie-de-paris","17":"tag-news","18":"tag-news-paris","19":"tag-paris","20":"tag-paris-news","21":"tag-police","22":"tag-pompiers","23":"tag-republique-francaise","24":"tag-societe"},"share_on_mastodon":{"url":"https:\/\/pubeurope.com\/@fr\/115367807203824687","error":""},"_links":{"self":[{"href":"https:\/\/www.europesays.com\/fr\/wp-json\/wp\/v2\/posts\/460275","targetHints":{"allow":["GET"]}}],"collection":[{"href":"https:\/\/www.europesays.com\/fr\/wp-json\/wp\/v2\/posts"}],"about":[{"href":"https:\/\/www.europesays.com\/fr\/wp-json\/wp\/v2\/types\/post"}],"author":[{"embeddable":true,"href":"https:\/\/www.europesays.com\/fr\/wp-json\/wp\/v2\/users\/2"}],"replies":[{"embeddable":true,"href":"https:\/\/www.europesays.com\/fr\/wp-json\/wp\/v2\/comments?post=460275"}],"version-history":[{"count":0,"href":"https:\/\/www.europesays.com\/fr\/wp-json\/wp\/v2\/posts\/460275\/revisions"}],"wp:featuredmedia":[{"embeddable":true,"href":"https:\/\/www.europesays.com\/fr\/wp-json\/wp\/v2\/media\/460276"}],"wp:attachment":[{"href":"https:\/\/www.europesays.com\/fr\/wp-json\/wp\/v2\/media?parent=460275"}],"wp:term":[{"taxonomy":"category","embeddable":true,"href":"https:\/\/www.europesays.com\/fr\/wp-json\/wp\/v2\/categories?post=460275"},{"taxonomy":"post_tag","embeddable":true,"href":"https:\/\/www.europesays.com\/fr\/wp-json\/wp\/v2\/tags?post=460275"}],"curies":[{"name":"wp","href":"https:\/\/api.w.org\/{rel}","templated":true}]}}