{"id":460277,"date":"2025-10-13T16:29:20","date_gmt":"2025-10-13T16:29:20","guid":{"rendered":"https:\/\/www.europesays.com\/fr\/460277\/"},"modified":"2025-10-13T16:29:20","modified_gmt":"2025-10-13T16:29:20","slug":"les-nouveaux-restaurants-a-tester-ce-mois-doctobre-a-paris","status":"publish","type":"post","link":"https:\/\/www.europesays.com\/fr\/460277\/","title":{"rendered":"Les nouveaux restaurants \u00e0 tester ce mois d&rsquo;octobre \u00e0 Paris"},"content":{"rendered":"<p><a href=\"https:\/\/www.vogue.fr\/lifestyle\/actu-food\" target=\"_blank\" rel=\"noopener\">La sc\u00e8ne food<\/a> parisienne continue toujours plus son extension avec un floril\u00e8ge de <a href=\"https:\/\/www.vogue.fr\/dossier\/restaurant-paris\" target=\"_blank\" rel=\"noopener\">nouveaux restaurants<\/a> \u00e0 d\u00e9couvrir cette saison \u00e0 Paris.<\/p>\n<p><strong>Prunier<\/strong><\/p>\n<p>Install\u00e9 Avenue Victor Hugo, <strong>Prunier<\/strong> s\u2019est forg\u00e9, depuis son ouverture en 1921, sa propre l\u00e9gende \u00e0 grands coups d&rsquo;h\u00f4tes c\u00e9l\u00e8bres, de savoir-faire fran\u00e7ais et d&rsquo;anecdotes croustillantes. A l&rsquo;origine de nombreuses nuits de f\u00eates dantesques, s&rsquo;y sont succ\u00e9d\u00e9s l\u2019aristocratie moscovite, mais aussi <strong>Oscar Wilde<\/strong>, <strong>Marcel Proust<\/strong>, <strong>Ernest Hemingway<\/strong>, <strong>Francis Scott Fitzgerald<\/strong> et surtout <strong>Pierre Berg\u00e9<\/strong> et <a href=\"https:\/\/www.vogue.fr\/dossier\/yves-saint-laurent\" target=\"_blank\" rel=\"noopener\"><strong>Yves Saint Laurent<\/strong><\/a>, qui en ont \u00e9t\u00e9 propri\u00e9taires. Un peu endormi ces derni\u00e8res ann\u00e9es, le restaurant profite de l&rsquo;<a href=\"https:\/\/www.vogue.fr\/dossier\/automne\" target=\"_blank\" rel=\"noopener\">automne<\/a> pour faire peau neuve. Sous la houlette du groupe <strong>Lap\u00e9rouse Holding<\/strong>, men\u00e9 <strong>Benjamin Patou<\/strong> et <strong>Antoine Arnault<\/strong>, (d\u00e9j\u00e0 aux commandes de <a href=\"https:\/\/www.vogue.fr\/lifestyle\/article\/laperouse-rouvre-ses-portes-a-paris\" target=\"_blank\" rel=\"noopener\"><strong>Lap\u00e9rouse<\/strong><\/a> et <a href=\"https:\/\/www.vogue.fr\/article\/lafayettes-le-nouveau-restaurant-du-chef-mory-sacko-a-paris\" target=\"_blank\" rel=\"noopener\"><strong>Lafayette&rsquo;s<\/strong><\/a>) ce renouveau est d&rsquo;abord palpable \u00e0 travers le d\u00e9cor, rafra\u00eechit par <strong>L\u00e1zaro Rosa-Viol\u00e1n<\/strong> \u00e0 grands coups de moquette escalad\u00e9e de coquillages et de crustac\u00e9s, d&rsquo;assises en velours \u00e9b\u00e8ne et d&rsquo;une nouvelle lumi\u00e8re tamis\u00e9e plus douce. Autre changement de taille, l&rsquo;arriv\u00e9e en cuisine du chef barcelonais <strong>Romain Fornell<\/strong>. Aliment\u00e9 par la ferme d\u2019esturgeon de la maison, install\u00e9e en Aquitaine, le menu propose une belle s\u00e9lection de caviars (Baeri, Oscie\u0300tre\u2026), a\u0300 d\u00e9guster \u00e0 la cuill\u00e8re en nacre ou sur des blinis maison comme l\u2019aimait <strong>Yves Saint Laurent<\/strong>. Mais aussi des bons produits iod\u00e9s propres aux tables expertes du genre : hu\u00eetres, oeufs de saumon, tarama, cornichons malossols\u2026 Qui viennent s&rsquo;ajouter \u00e0 des <a href=\"https:\/\/www.vogue.fr\/dossier\/recettes\" target=\"_blank\" rel=\"noopener\">recettes<\/a> mythiques comme les linguines au caviar et l&rsquo;\u0153uf <strong>Christian Dior<\/strong>, de\u0301licatement pose\u0301 sur une gele\u0301e fine. Sans oublier des propositions culinaires plus audacieuses alliant jambon ib\u00e9rique, salade croquante au homard ou encore un sundae au caramel et une glace \u00e0 la pistache.<br \/><a data-offer-url=\"https:\/\/prunier.com\/fr\/restaurant-victor-hugo-yannick-alleno\" class=\"external-link\" data-event-click=\"{&quot;element&quot;:&quot;ExternalLink&quot;,&quot;outgoingURL&quot;:&quot;https:\/\/prunier.com\/fr\/restaurant-victor-hugo-yannick-alleno&quot;}\" href=\"https:\/\/prunier.com\/fr\/restaurant-victor-hugo-yannick-alleno\" rel=\"nofollow noopener\" target=\"_blank\"><strong>A d\u00e9couvrir ici<\/strong><\/a><\/p>\n<p><img decoding=\"async\" alt=\"Prunier \u00e0 Paris\" loading=\"lazy\" class=\"ResponsiveImageContainer-eNxvmU cfBbTk responsive-image__image\"   src=\"https:\/\/www.europesays.com\/fr\/wp-content\/uploads\/2025\/10\/2025-09-17_PRUNIER0221.jpg\"\/><\/p>\n<p>Prunier \u00e0 Paris<strong>Matthieu Salvaing<\/strong><\/p>\n<p><img decoding=\"async\" alt=\"Prunier \u00e0 Paris\" loading=\"lazy\" class=\"ResponsiveImageContainer-eNxvmU cfBbTk responsive-image__image\"   src=\"https:\/\/www.europesays.com\/fr\/wp-content\/uploads\/2025\/10\/Thibaud_Georges_Food_Copyright-16.jpg\"\/><\/p>\n<p>Prunier \u00e0 ParisTHIBAUD GEORGES<\/p>\n<p><strong>\u00c0 la renaissance<\/strong><\/p>\n<p>Caf\u00e9 historique du 11\u00e8me arrondissement, <strong>\u00c0 la Renaissance<\/strong> se r\u00e9invente, cette saison, sous la houlette de <strong>Carina Soto<\/strong> et <strong>Joshua Fontaine<\/strong> (tandem a qui l&rsquo;on doit la <strong>Candelaria<\/strong> et le <strong>Mary C\u00e9leste<\/strong>). Derri\u00e8re sa fa\u00e7ade de troquet un brin surann\u00e9, puls\u00e9e d&rsquo;un n\u00e9on et d&rsquo;un auvent rouge, le lieu s&rsquo;ouvre sur une terrasse d&rsquo;usage, sacro-saint parisien et renferme un bar en marbre, des tables en bois sombre et des mosa\u00efques d&rsquo;\u00e9poque. Un d\u00e9cor classique, mais chaleureux, con\u00e7u par l&rsquo;architecte <strong>Johanna Etournel<\/strong>, qui s&rsquo;illustre toutefois par une fresque, \u00e0 l&rsquo;effigie de L\u00e9on Blum et de Verlaine r\u00e9alis\u00e9e par <strong>Anna Hodgson<\/strong> et <strong>Harry Darby<\/strong>. Ode \u00e0 la cuisine parisienne, fait de bons produits et de recettes r\u00e9confortante, le menu de <strong>Min Wou Choi<\/strong> m\u00eale du jambon Prince de Paris accompagn\u00e9 de cornichons, des coques savamment assaisonn\u00e9es, de la terrine maison, du lieu jaune ou encore une \u00eele flottante napp\u00e9e de caramel. A d\u00e9guster avec une belle carte des vins et des cocktails (signature du duo). Dont un martini servi sur un plateau d&rsquo;argent avec une olive verte et un zeste de citron.<br \/><a data-offer-url=\"https:\/\/www.instagram.com\/a_la_renaissance\/?hl=fr\" class=\"external-link\" data-event-click=\"{&quot;element&quot;:&quot;ExternalLink&quot;,&quot;outgoingURL&quot;:&quot;https:\/\/www.instagram.com\/a_la_renaissance\/?hl=fr&quot;}\" href=\"https:\/\/www.instagram.com\/a_la_renaissance\/?hl=fr\" rel=\"nofollow noopener\" target=\"_blank\">A d\u00e9couvrir ici<\/a><\/p>\n<p><script async src=\"\/\/www.instagram.com\/embed.js\"><\/script><\/p>\n","protected":false},"excerpt":{"rendered":"La sc\u00e8ne food parisienne continue toujours plus son extension avec un floril\u00e8ge de nouveaux restaurants \u00e0 d\u00e9couvrir cette&hellip;\n","protected":false},"author":2,"featured_media":460278,"comment_status":"","ping_status":"","sticky":false,"template":"","format":"standard","meta":{"footnotes":""},"categories":[1888],"tags":[1111,1928,11,1927,1777,674,1011,27,12,1926,626,1925,25,31817],"class_list":{"0":"post-460277","1":"post","2":"type-post","3":"status-publish","4":"format-standard","5":"has-post-thumbnail","7":"category-paris","8":"tag-actu","9":"tag-actu-paris","10":"tag-actualites","11":"tag-actualites-paris","12":"tag-eu","13":"tag-europe","14":"tag-fr","15":"tag-france","16":"tag-news","17":"tag-news-paris","18":"tag-paris","19":"tag-paris-news","20":"tag-republique-francaise","21":"tag-restaurant-paris"},"share_on_mastodon":{"url":"https:\/\/pubeurope.com\/@fr\/115367809337857028","error":""},"_links":{"self":[{"href":"https:\/\/www.europesays.com\/fr\/wp-json\/wp\/v2\/posts\/460277","targetHints":{"allow":["GET"]}}],"collection":[{"href":"https:\/\/www.europesays.com\/fr\/wp-json\/wp\/v2\/posts"}],"about":[{"href":"https:\/\/www.europesays.com\/fr\/wp-json\/wp\/v2\/types\/post"}],"author":[{"embeddable":true,"href":"https:\/\/www.europesays.com\/fr\/wp-json\/wp\/v2\/users\/2"}],"replies":[{"embeddable":true,"href":"https:\/\/www.europesays.com\/fr\/wp-json\/wp\/v2\/comments?post=460277"}],"version-history":[{"count":0,"href":"https:\/\/www.europesays.com\/fr\/wp-json\/wp\/v2\/posts\/460277\/revisions"}],"wp:featuredmedia":[{"embeddable":true,"href":"https:\/\/www.europesays.com\/fr\/wp-json\/wp\/v2\/media\/460278"}],"wp:attachment":[{"href":"https:\/\/www.europesays.com\/fr\/wp-json\/wp\/v2\/media?parent=460277"}],"wp:term":[{"taxonomy":"category","embeddable":true,"href":"https:\/\/www.europesays.com\/fr\/wp-json\/wp\/v2\/categories?post=460277"},{"taxonomy":"post_tag","embeddable":true,"href":"https:\/\/www.europesays.com\/fr\/wp-json\/wp\/v2\/tags?post=460277"}],"curies":[{"name":"wp","href":"https:\/\/api.w.org\/{rel}","templated":true}]}}