{"id":460279,"date":"2025-10-13T16:30:14","date_gmt":"2025-10-13T16:30:14","guid":{"rendered":"https:\/\/www.europesays.com\/fr\/460279\/"},"modified":"2025-10-13T16:30:14","modified_gmt":"2025-10-13T16:30:14","slug":"commerce-specialise-les-ventes-en-magasins-reculent-de-19-en-septembre-2025-selon-procos","status":"publish","type":"post","link":"https:\/\/www.europesays.com\/fr\/460279\/","title":{"rendered":"Commerce sp\u00e9cialis\u00e9: les ventes en magasins reculent de 1,9% en septembre 2025, selon Procos"},"content":{"rendered":"<p>\n                                    <b>Publi\u00e9 le<\/b><br \/>\n                                    <\/p>\n<p>                                        13 octobre 2025<\/p>\n<p class=\"article-content col-md-8 offset-md-1\">\n                                Selon les derni\u00e8res donn\u00e9es du panel Procos, le commerce sp\u00e9cialis\u00e9 a enregistr\u00e9 une baisse de 1,9% de ses ventes en magasins \u00e0 surface \u00e9gale au mois de septembre 2025 par rapport \u00e0 septembre 2024. Ce r\u00e9sultat n\u00e9gatif contraste avec la performance positive du mois d&rsquo;ao\u00fbt (+1,6%). Sur les neuf premiers mois de l&rsquo;ann\u00e9e, l&rsquo;activit\u00e9 cumul\u00e9e reste l\u00e9g\u00e8rement en retrait, affichant un repli de 0,7%.<img decoding=\"async\" class=\"news-image\" style=\"width:100%;max-width:595px;\" src=\"https:\/\/www.europesays.com\/fr\/wp-content\/uploads\/2025\/10\/5dcb.png\" alt=\"En cumul de janvier \u00e0 septembre 2025 vs 2024, les ventes en magasins ont baiss\u00e9 de 0,7%\" loading=\"lazy\"\/>En cumul de janvier \ufffd septembre 2025 vs 2024, les ventes en magasins ont baiss\ufffd de 0,7% &#8211; ProcosLes secteurs Culture, Cadeaux et Loisirs progressent de 2,7%, port\u00e9s notamment par le march\u00e9 du jouet. L&rsquo;\u00e9quipement de la maison affiche \u00e9galement une l\u00e9g\u00e8re hausse, tandis que l&rsquo;alimentaire sp\u00e9cialis\u00e9 reste stable.\n                            <\/p>\n<p>\n                                Tous droits de reproduction et de repr\u00e9sentation r\u00e9serv\u00e9s.<br \/>\u00a9 2025 FashionNetwork.com\n                            <\/p>\n","protected":false},"excerpt":{"rendered":"Publi\u00e9 le 13 octobre 2025 Selon les derni\u00e8res donn\u00e9es du panel Procos, le commerce sp\u00e9cialis\u00e9 a enregistr\u00e9 une&hellip;\n","protected":false},"author":2,"featured_media":460280,"comment_status":"","ping_status":"","sticky":false,"template":"","format":"standard","meta":{"footnotes":""},"categories":[1888],"tags":[11,6299,2424,537,2423,1777,674,1011,27,2425,985,12,2298,626,58485,2426,2427,25,2421,2422],"class_list":{"0":"post-460279","1":"post","2":"type-post","3":"status-publish","4":"format-standard","5":"has-post-thumbnail","7":"category-paris","8":"tag-actualites","9":"tag-alliance-du-commerce","10":"tag-beaute","11":"tag-contact","12":"tag-cosmetiques","13":"tag-eu","14":"tag-europe","15":"tag-fr","16":"tag-france","17":"tag-luxe","18":"tag-mode","19":"tag-news","20":"tag-parfum","21":"tag-paris","22":"tag-procos","23":"tag-professionnel","24":"tag-professionnels","25":"tag-republique-francaise","26":"tag-reseau","27":"tag-textile"},"share_on_mastodon":{"url":"https:\/\/pubeurope.com\/@fr\/115367813664352283","error":""},"_links":{"self":[{"href":"https:\/\/www.europesays.com\/fr\/wp-json\/wp\/v2\/posts\/460279","targetHints":{"allow":["GET"]}}],"collection":[{"href":"https:\/\/www.europesays.com\/fr\/wp-json\/wp\/v2\/posts"}],"about":[{"href":"https:\/\/www.europesays.com\/fr\/wp-json\/wp\/v2\/types\/post"}],"author":[{"embeddable":true,"href":"https:\/\/www.europesays.com\/fr\/wp-json\/wp\/v2\/users\/2"}],"replies":[{"embeddable":true,"href":"https:\/\/www.europesays.com\/fr\/wp-json\/wp\/v2\/comments?post=460279"}],"version-history":[{"count":0,"href":"https:\/\/www.europesays.com\/fr\/wp-json\/wp\/v2\/posts\/460279\/revisions"}],"wp:featuredmedia":[{"embeddable":true,"href":"https:\/\/www.europesays.com\/fr\/wp-json\/wp\/v2\/media\/460280"}],"wp:attachment":[{"href":"https:\/\/www.europesays.com\/fr\/wp-json\/wp\/v2\/media?parent=460279"}],"wp:term":[{"taxonomy":"category","embeddable":true,"href":"https:\/\/www.europesays.com\/fr\/wp-json\/wp\/v2\/categories?post=460279"},{"taxonomy":"post_tag","embeddable":true,"href":"https:\/\/www.europesays.com\/fr\/wp-json\/wp\/v2\/tags?post=460279"}],"curies":[{"name":"wp","href":"https:\/\/api.w.org\/{rel}","templated":true}]}}