{"id":460310,"date":"2025-10-13T16:48:16","date_gmt":"2025-10-13T16:48:16","guid":{"rendered":"https:\/\/www.europesays.com\/fr\/460310\/"},"modified":"2025-10-13T16:48:16","modified_gmt":"2025-10-13T16:48:16","slug":"la-f1-sur-une-nouvelle-chaine-gratuite","status":"publish","type":"post","link":"https:\/\/www.europesays.com\/fr\/460310\/","title":{"rendered":"La F1 sur une nouvelle cha\u00eene gratuite"},"content":{"rendered":"<p><strong>Alors que la lutte pour le titre<br \/>\nde champion du monde bat son plein entre les deux prodiges de<br \/>\nMcLaren, le groupe Canal+ diffuse gratuitement un Grand Prix de F1:<br \/>\ncelui du Mexique la semaine prochaine.<\/strong><\/p>\n<p>Deux semaines apr\u00e8s un Grand Prix de Singapour d\u00e9cevant mais qui<br \/>\na permis \u00e0 Lando Norris de revenir \u00e0 22 points d\u2019Oscar Piastri au<br \/>\nsommet du classement des pilotes \u2013 rel\u00e9guant un peu au second plan<br \/>\n<a href=\"https:\/\/www.sports.fr\/auto-moto\/f1\/cavalier-seul-de-russell-a-singapour-mclaren-champion-956644.html\" target=\"_blank\" rel=\"noopener\"><br \/>\nle sacre de McLaren<\/a> d\u00e8s cette 18e course de la saison de F1 -,<br \/>\nla bataille reprend ce week-end \u00e0 Austin. Le GP des \u00c9tats-Unis<br \/>\nAustin sur le circuit des Am\u00e9riques lance le sprint final sur le<br \/>\ncontinent am\u00e9ricain avec, dans la foul\u00e9e, les GP du Mexique, de Sao<br \/>\nPaulo et de Las Vegas.<\/p>\n<p>Les mordus de Formule 1 ne ratent rien des Grand Prix de la<br \/>\nsaison mais le grand public aura l\u2019occasion de suivre gratuitement<br \/>\nle GP du Mexique. Le groupe Canal+ diffusait jusqu\u2019\u00e0 quatre courses<br \/>\nen clair ces derni\u00e8res ann\u00e9es, notamment le GP de France, mais<br \/>\nl\u2019\u00e9tape hexagonale a justement disparu du calendrier et le grand<br \/>\nrendez-vous de Monaco, le 25 mai dernier, n\u2019a pas \u00e9t\u00e9<br \/>\n\u00ab\u00a0offert\u00a0\u00bb.<\/p>\n<blockquote class=\"twitter-tweet\"><p><a class=\"twitter-link\" rel=\"noindex, nofollow noopener\" href=\"https:\/\/twitter.com\/CanalplusF1\/status\/1976236207517598065\" target=\"_blank\"><\/p><\/blockquote>\n<p>Puisque C8 a cess\u00e9 d\u2019\u00e9mettre le 1\u1d49\u02b3 mars dernier et que Canal+ a<br \/>\nretir\u00e9 sa cha\u00eene premium de la TNT, le groupe audiovisuel,<br \/>\ndiffuseur exclusif de la F1, a opt\u00e9 pour une diffusion du GP du<br \/>\nMexique sur CStar, le canal 17 de la TV en France, le dimanche 26<br \/>\noctobre \u00e0 21h heure fran\u00e7aise.<\/p>\n<p>Un carton d\u2019audience pour Canal+<\/p>\n<p>L\u2019an dernier \u00e0 la m\u00eame \u00e9poque, ce Grand Prix du Mexique<br \/>\nretransmis en soir\u00e9e en Europe avait \u00e9t\u00e9 propos\u00e9 par C8 en<br \/>\nr\u00e9alisant un carton d\u2019audience avec une moyenne de 957 000<br \/>\nt\u00e9l\u00e9spectateurs et 5,2% du public \u00e2g\u00e9 de 4 ans et plus. Sur la<br \/>\ncible des 15-24 ans, C8 avait r\u00e9alis\u00e9 9,2% de part d\u2019audience, avec<br \/>\nun pic \u00e0 1,5 million de suiveurs. Anthony Drevet et Franck Montagny<br \/>\n\u00e9taient aux commentaires\u00a0pour un succ\u00e8s de Carlos Sainz.<\/p>\n<p>Apr\u00e8s la capitale mexicaine, le circuit d\u2019Interlagos puis le<br \/>\nStrip de Las Vegas, la saison se conclura au Moyen-Orient avec le<br \/>\nGP du Qatar, le 30 novembre, et le d\u00e9nouement aux \u00c9mirats arabes<br \/>\nunis avec le Grand Prix d\u2019Abu Dhabi le 7 d\u00e9cembre.<\/p>\n<blockquote class=\"instagram-media\" style=\"background: #ffffff;border: 0;margin: 1px;width: 100%;padding: 0;\" data-instgrm-captioned=\"\" data-instgrm-permalink=\"https:\/\/www.instagram.com\/p\/DPbeJ1yE1hq\/\" data-instgrm-version=\"14\"\/><p>\n<script async src=\"https:\/\/platform.twitter.com\/widgets.js\" charset=\"utf-8\"><\/script><script async src=\"\/\/www.instagram.com\/embed.js\"><\/script><\/p>\n","protected":false},"excerpt":{"rendered":"Alors que la lutte pour le titre de champion du monde bat son plein entre les deux prodiges&hellip;\n","protected":false},"author":2,"featured_media":460311,"comment_status":"","ping_status":"","sticky":false,"template":"","format":"standard","meta":{"footnotes":""},"categories":[1412],"tags":[1451,1452,1453,1454,1455,1011,27,60],"class_list":{"0":"post-460310","1":"post","2":"type-post","3":"status-publish","4":"format-standard","5":"has-post-thumbnail","7":"category-f1","8":"tag-f1","9":"tag-formula-1","10":"tag-formula1","11":"tag-formule-1","12":"tag-formule1","13":"tag-fr","14":"tag-france","15":"tag-sports"},"share_on_mastodon":{"url":"https:\/\/pubeurope.com\/@fr\/115367883858480989","error":""},"_links":{"self":[{"href":"https:\/\/www.europesays.com\/fr\/wp-json\/wp\/v2\/posts\/460310","targetHints":{"allow":["GET"]}}],"collection":[{"href":"https:\/\/www.europesays.com\/fr\/wp-json\/wp\/v2\/posts"}],"about":[{"href":"https:\/\/www.europesays.com\/fr\/wp-json\/wp\/v2\/types\/post"}],"author":[{"embeddable":true,"href":"https:\/\/www.europesays.com\/fr\/wp-json\/wp\/v2\/users\/2"}],"replies":[{"embeddable":true,"href":"https:\/\/www.europesays.com\/fr\/wp-json\/wp\/v2\/comments?post=460310"}],"version-history":[{"count":0,"href":"https:\/\/www.europesays.com\/fr\/wp-json\/wp\/v2\/posts\/460310\/revisions"}],"wp:featuredmedia":[{"embeddable":true,"href":"https:\/\/www.europesays.com\/fr\/wp-json\/wp\/v2\/media\/460311"}],"wp:attachment":[{"href":"https:\/\/www.europesays.com\/fr\/wp-json\/wp\/v2\/media?parent=460310"}],"wp:term":[{"taxonomy":"category","embeddable":true,"href":"https:\/\/www.europesays.com\/fr\/wp-json\/wp\/v2\/categories?post=460310"},{"taxonomy":"post_tag","embeddable":true,"href":"https:\/\/www.europesays.com\/fr\/wp-json\/wp\/v2\/tags?post=460310"}],"curies":[{"name":"wp","href":"https:\/\/api.w.org\/{rel}","templated":true}]}}