{"id":460315,"date":"2025-10-13T16:51:21","date_gmt":"2025-10-13T16:51:21","guid":{"rendered":"https:\/\/www.europesays.com\/fr\/460315\/"},"modified":"2025-10-13T16:51:21","modified_gmt":"2025-10-13T16:51:21","slug":"je-nai-plus-envie-arnaud-ducret-veut-desormais-etre-dans-lombre","status":"publish","type":"post","link":"https:\/\/www.europesays.com\/fr\/460315\/","title":{"rendered":"\u00ab\u00a0Je n\u2019ai plus envie\u00a0\u00bb : Arnaud Ducret veut d\u00e9sormais \u00eatre dans l\u2019ombre"},"content":{"rendered":"<p>Si les fans <a href=\"https:\/\/vsd.fr\/22233-cinema-mazinger-z-un-reve-pour-arnaud-ducret\/\" target=\"_blank\" rel=\"noopener\">d\u2019Arnaud Ducret<\/a> ont pu assister \u00e0 l\u2019un de ses one man shows ces derni\u00e8res ann\u00e9es, ils peuvent s\u2019estimer chanceux. \u00c9tant donn\u00e9 qu\u2019ils ne pourront <strong>plus le retrouver sur sc\u00e8ne \u00e0 l\u2019avenir<\/strong>. C\u2019est en tout cas ce qu\u2019a confi\u00e9 le principal int\u00e9ress\u00e9 \u00e0 TV Monaco.<\/p>\n<p>Aupr\u00e8s de nos confr\u00e8res, <a href=\"https:\/\/www.public.fr\/enorme-bourde-en-plein-jt-de-laurent-delahousse-sur-france-2-arnaud-ducret-et-sa-femme-snobes\" target=\"_blank\" rel=\"noopener\">le com\u00e9dien \u00e2g\u00e9 de 46 ans<\/a> est revenu sur son dernier seul en sc\u00e8ne, <strong>That\u2019s life<\/strong>, dans lequel il a fait rena\u00eetre sur sc\u00e8ne\u00a0les personnages de sa vie. Gr\u00e2ce \u00e0 ce show, il a notamment lev\u00e9 le voile sur son intimit\u00e9.<\/p>\n<p>N\u00e9anmoins, il s\u2019agissait visiblement de <strong>son dernier spectacle<\/strong>. En effet, aupr\u00e8s de TV Monaco, Arnaud Ducret a r\u00e9v\u00e9l\u00e9 qu\u2019on le reverrait plus sur sc\u00e8ne \u00e0 moins d\u2019un tremblement de terre.\u00a0<\/p>\n<p>Arnaud Ducret, un comique \u00ab\u00a0\u00e0 l&rsquo;ancienne\u00a0\u00bb<\/p>\n<p>\u00ab\u00a0Le Arnaud Ducret de That&rsquo;s Life, il a quoi de diff\u00e9rent du Arnaud Ducret qui faisait ses ses premiers one man qui \u00e9taient un peu survolt\u00e9s \u00e0 l&rsquo;\u00e9poque. Est-ce qu&rsquo;il s&rsquo;est calm\u00e9, assagi ?\u00a0\u00bb, lui a demand\u00e9, dans un premier temps, notre confr\u00e8re.<\/p>\n<p>\u00c0 quoi <a href=\"https:\/\/www.public.fr\/camille-combal-revele-le-passe-darnaud-ducret-dans-le-porno-gene-le-comedien-confirme\" target=\"_blank\" rel=\"noopener\">le principal int\u00e9ress\u00e9<\/a> a r\u00e9pondu : \u00ab\u00a0Il s\u2019est assagi, je ne sais pas, en tout cas oui, l\u00e0 j&rsquo;esp\u00e8re qu&rsquo;il s&rsquo;est am\u00e9lior\u00e9 et qui s&rsquo;est professionnalis\u00e9 encore plus\u00a0\u00bb. \u00ab\u00a0Je suis tr\u00e8s fan des personnages, alors je faisais beaucoup de personnages sur sc\u00e8ne\u00a0\u00bb, a-t-il poursuivi.<\/p>\n<p>Avant de raconter une anecdote qui l\u2019a beaucoup bless\u00e9 : \u00ab\u00a0Un jour il y a un mec qui est venu voir du stand up l\u00e0 et qui me dit <strong>\u2018ah tu es \u00e0 l&rsquo;ancienne toi\u2019<\/strong>, tr\u00e8s premier degr\u00e9, je dis \u2018ah ouais putain \u00e0 l&rsquo;ancienne, ah ouais d&rsquo;accord \u2018okay les gars, continuez d&rsquo;insulter le public\u2019. Mais moi j&rsquo;ai toujours j&rsquo;ai toujours aim\u00e9 \u00e7a les personnages\u00a0\u00bb.<\/p>\n<p>L&rsquo;artiste ne souhaite plus remonter sur sc\u00e8ne pour le moment<\/p>\n<p>Arnaud Ducret a r\u00e9v\u00e9l\u00e9, dans la foul\u00e9e, qu\u2019il ne ressentait plus l\u2019envie de remonter sur sc\u00e8ne : \u00ab\u00a0et c&rsquo;est vrai que le Arnaud il est il a je pense qu&rsquo;il a il a m\u00fbri donc il a autre chose \u00e0 raconter <strong>mais j&rsquo;ai plus envie de faire one man<\/strong> j&rsquo;ai plus du tout, \u00e7a m&rsquo;int\u00e9resse plus du tout vraiment je passe \u00e0 autre chose. Maintenant je produis\u00a0\u00bb.<\/p>\n<p>Curieux en apprenant la nouvelle, le journaliste de TV Monaco a appuy\u00e9 : \u00ab\u00a0Donc Arnaud Ducret sur sc\u00e8ne pour un one man \u00e7a n&rsquo;arrivera plus ?\u00a0\u00bb. \u00ab\u00a0<strong>\u00c7a n&rsquo;arrive pas, plus,<\/strong> ou alors dans une autre vie peut-\u00eatre. Peut-\u00eatre que mon art on va dire, de com\u00e9dien, m&rsquo;am\u00e8nera \u00e0 \u00e7a parce que c&rsquo;est peut-\u00eatre aussi \u00e7a le public peut-\u00eatre je ne sais pas. Mais pour l&rsquo;instant je fais, pas un rejet parce que j&rsquo;adore le one man mais, partir seul c\u2019est chaud\u00a0\u00bb, a-t-il avou\u00e9.<\/p>\n<p>Arnaud Ducret ne tire pas un trait sur sa carri\u00e8re malgr\u00e9 tout. En effet, par la suite, il a rappel\u00e9 qu\u2019il continue de tourner dans plusieurs projets et vient m\u00eame de r\u00e9aliser \u00ab\u00a0un unitaire pour TF1 avec Tom Villa qui r\u00e9alise \u00e9galement\u00a0\u00bb. \u00ab\u00a0On a r\u00e9alis\u00e9 \u2018Panique au grand magasin\u2019 qui sera en d\u00e9cembre sur TF1. \u00c7a, c&rsquo;est un truc qui me pla\u00eet aussi, de r\u00e9aliser, de produire et d&rsquo;\u00eatre \u00e0 la base de projets comme \u00e7a\u00a0\u00bb, a-t-il conclu.<\/p>\n<p>      Mentionn\u00e9s dans cet article<\/p>\n<p>      Sur le m\u00eame sujet<\/p>\n","protected":false},"excerpt":{"rendered":"Si les fans d\u2019Arnaud Ducret ont pu assister \u00e0 l\u2019un de ses one man shows ces derni\u00e8res ann\u00e9es,&hellip;\n","protected":false},"author":2,"featured_media":460316,"comment_status":"","ping_status":"","sticky":false,"template":"","format":"standard","meta":{"footnotes":""},"categories":[1359],"tags":[26783,58,59,1011,27,973,199],"class_list":{"0":"post-460315","1":"post","2":"type-post","3":"status-publish","4":"format-standard","5":"has-post-thumbnail","7":"category-people","8":"tag-arnaud-ducret","9":"tag-divertissement","10":"tag-entertainment","11":"tag-fr","12":"tag-france","13":"tag-people","14":"tag-tf1"},"share_on_mastodon":{"url":"https:\/\/pubeurope.com\/@fr\/115367895657354673","error":""},"_links":{"self":[{"href":"https:\/\/www.europesays.com\/fr\/wp-json\/wp\/v2\/posts\/460315","targetHints":{"allow":["GET"]}}],"collection":[{"href":"https:\/\/www.europesays.com\/fr\/wp-json\/wp\/v2\/posts"}],"about":[{"href":"https:\/\/www.europesays.com\/fr\/wp-json\/wp\/v2\/types\/post"}],"author":[{"embeddable":true,"href":"https:\/\/www.europesays.com\/fr\/wp-json\/wp\/v2\/users\/2"}],"replies":[{"embeddable":true,"href":"https:\/\/www.europesays.com\/fr\/wp-json\/wp\/v2\/comments?post=460315"}],"version-history":[{"count":0,"href":"https:\/\/www.europesays.com\/fr\/wp-json\/wp\/v2\/posts\/460315\/revisions"}],"wp:featuredmedia":[{"embeddable":true,"href":"https:\/\/www.europesays.com\/fr\/wp-json\/wp\/v2\/media\/460316"}],"wp:attachment":[{"href":"https:\/\/www.europesays.com\/fr\/wp-json\/wp\/v2\/media?parent=460315"}],"wp:term":[{"taxonomy":"category","embeddable":true,"href":"https:\/\/www.europesays.com\/fr\/wp-json\/wp\/v2\/categories?post=460315"},{"taxonomy":"post_tag","embeddable":true,"href":"https:\/\/www.europesays.com\/fr\/wp-json\/wp\/v2\/tags?post=460315"}],"curies":[{"name":"wp","href":"https:\/\/api.w.org\/{rel}","templated":true}]}}